{"id":16717,"date":"2019-07-10T14:54:01","date_gmt":"2019-07-10T12:54:01","guid":{"rendered":"https:\/\/dev.databack.fr\/senza-categoria\/sensibilizzazione-sui-rischi-digitali-acyma-pubblica-un-kit-completo-con-licenza-aperta\/"},"modified":"2026-02-25T21:48:02","modified_gmt":"2026-02-25T20:48:02","slug":"sensibilizzazione-sui-rischi-digitali-acyma-pubblica-un-kit-completo-con-licenza-aperta","status":"publish","type":"post","link":"https:\/\/dev.databack.fr\/it\/blog\/sensibilizzazione-sui-rischi-digitali-acyma-pubblica-un-kit-completo-con-licenza-aperta\/","title":{"rendered":"Sensibilizzazione sui rischi digitali: ACYMA pubblica un kit completo con licenza aperta"},"content":{"rendered":"\n<p class=\"wp-block-paragraph\"><em>ACYMA (Actions\ncontre la cybermalveillance) ha appena pubblicato la versione completa del suo kit di sensibilizzazione ai rischi digitali\n. Il kit pu\u00f2 essere scaricato gratuitamente dal sito\ncybermalveillance.gouv.fr ed \u00e8 disponibile all&#8217;indirizzo\nper essere utilizzato da privati, professionisti e autorit\u00e0 locali. Usalo senza\nmoderazione!  <\/em><\/p>\n\n<h2 class=\"wp-block-heading\">Il kit di sensibilizzazione ai rischi digitali del 2019<\/h2>\n\n<p class=\"wp-block-paragraph\">Il <strong>\nkit di sensibilizzazione ai rischi digitali<\/strong> arriva in un momento di aumento\ne costante rinnovamento degli <strong>attacchi informatici<\/strong>\ne degli atti di <strong>cyber-malvagit\u00e0<\/strong>. \n stato progettato per sensibilizzare gli utenti e diffondere le buone pratiche\ndigitali sia in ambito privato che professionale. <\/p>\n\n<p class=\"wp-block-paragraph\">Sia <strong>uno strumento di prevenzione\n<\/strong> che <strong>una guida alla sicurezza\ndigitale<\/strong>, questo kit \u00e8 il risultato della collaborazione tra i membri di ACYMA\n(istituzioni pubbliche, enti privati e associazioni) e gli utenti\nprivati e\/o professionali.  <\/p>\n\n<p class=\"wp-block-paragraph\"><em>&#8220;Con l&#8217;aiuto dei nostri membri pubblici e privati, abbiamo quindi identificato le minacce che i nostri concittadini incontrano quotidianamente, al fine di spiegare le migliori pratiche per proteggersi da esse, in modo pragmatico e divertente&#8221;.<\/em> (J\u00e9r\u00f4me Notin, Amministratore delegato di cybermalveillance.gouv.fr)<\/p>\n\n<figure class=\"wp-block-image\"><img fetchpriority=\"high\" decoding=\"async\" width=\"650\" height=\"250\" src=\"https:\/\/dev.databack.fr\/wp-content\/uploads\/2019\/07\/cyber-malveillance.jpg\" alt=\"combattere la cyber-malvagit&#xE0;\" class=\"wp-image-7395\" srcset=\"https:\/\/dev.databack.fr\/wp-content\/uploads\/2019\/07\/cyber-malveillance.jpg 650w, https:\/\/dev.databack.fr\/wp-content\/uploads\/2019\/07\/cyber-malveillance-600x231.jpg 600w, https:\/\/dev.databack.fr\/wp-content\/uploads\/2019\/07\/cyber-malveillance-300x115.jpg 300w\" sizes=\"(max-width: 650px) 100vw, 650px\" \/><\/figure>\n\n<h2 class=\"wp-block-heading\">Schede e strumenti didattici sui rischi digitali e sulle buone pratiche<\/h2>\n\n<p class=\"wp-block-paragraph\">ACYMA ha pubblicato un primo kit nel 2018 che copre quattro temi\ne la versione 2019 si \u00e8 arricchita di cinque nuovi argomenti, sempre legati all&#8217;attualit\u00e0\ne alle nostre pratiche quotidiane:<\/p>\n\n<ul class=\"wp-block-list\">\n<li>6 fiches pour adopter les <strong>bonnes pratiques num\u00e9riques<\/strong>&nbsp;:\n<ul class=\"wp-block-list\">\n<li>Password  <\/li>\n\n\n\n<li>Sicurezza sui social network  <\/li>\n\n\n\n<li>Sicurezza dei dispositivi mobili  <\/li>\n\n\n\n<li>Backup  <\/li>\n\n\n\n<li>Aggiornamenti  <\/li>\n\n\n\n<li>Sicurezza per uso personale e aziendale<\/li>\n<\/ul>\n<\/li>\n\n\n\n<li>3 fiches pour comprendre les <strong>risques num\u00e9riques<\/strong>&nbsp;:\n<ul class=\"wp-block-list\">\n<li>Phishing  <\/li>\n\n\n\n<li><a href=\"https:\/\/dev.databack.fr\/it\/\">Ransomware<\/a> <\/li>\n\n\n\n<li>Truffa del falso supporto tecnico.<\/li>\n<\/ul>\n<\/li>\n<\/ul>\n\n<p class=\"wp-block-paragraph\">Con una nuova veste grafica, il kit \u00e8 accessibile a tutti,\nsia per uso personale che professionale, e qualunque sia il tuo livello di sicurezza informatica\n. Oltre a queste schede informative,\ninclude anche risorse interattive e divertenti: fumetti,\nmemo, quiz, poster, ecc. <\/p>\n\n<h2 class=\"wp-block-heading\">ACYMA, uno schema nazionale per aiutare le vittime di cyber-malware<\/h2>\n\n<p class=\"wp-block-paragraph\">Il gruppo di interesse pubblico <strong>ACYMA<\/strong> <strong>(Actions contre la cybermalveillance)<\/strong> \u00e8 alla base di questo kit di sensibilizzazione. <strong>ACYMA<\/strong> \u00e8 un programma nazionale che fornisce assistenza alle vittime di atti di cyber-malware. Riunisce attori pubblici e privati (ministeri, segretariato di stato per la tecnologia digitale, imprese, associazioni, ecc.) e si rivolge a privati, imprese e autorit\u00e0 locali. ACYMA gestisce la piattaforma online <a href=\"https:\/\/www.cybermalveillance.gouv.fr\" target=\"_blank\" rel=\"noreferrer noopener\" aria-label=\" (s&#x2019;ouvre dans un nouvel onglet)\">cybermalveillance.gouv.fr<\/a>, dedicata all&#8217;assistenza, all&#8217;osservazione e alla prevenzione dei rischi digitali.    <\/p>\n\n<p class=\"wp-block-paragraph\">Il <strong>\nkit di sensibilizzazione ai rischi digitali<\/strong> \u00e8 distribuito con una licenza aperta\nEtalab 2.0 per incoraggiarne la distribuzione e l&#8217;utilizzo. Scaricando\nquesto kit, sarai libero di riprodurre, copiare, adattare, modificare,\ncomunicare, diffondere, ridistribuire e utilizzare tutti i suoi contenuti nelle tue produzioni (\nmateriali di formazione, ecc.) (a condizione di citare la fonte). <\/p>\n\n<p class=\"wp-block-paragraph\"><em>&#8220;La scelta forte di una licenza aperta significa anche che tutti possono adattare i contenuti al proprio ambiente specifico&#8221;.<\/em> (J\u00e9r\u00f4me Notin, amministratore delegato di cybermalveillance.gouv.fr).<\/p>\n\n<div class=\"wp-block-button\"><a class=\"wp-block-button__link has-background wp-element-button\" href=\"https:\/\/www.cybermalveillance.gouv.fr\/tous-nos-contenus\/kit-de-sensibilisation\" style=\"background-color:#ee7e29\">Scarica il kit<\/a><\/div>\n","protected":false},"excerpt":{"rendered":"<p>ACYMA (Actions contre la cybermalveillance) ha appena pubblicato la versione completa del suo kit di sensibilizzazione ai rischi digitali . Il kit pu\u00f2 essere scaricato gratuitamente dal sito cybermalveillance.gouv.fr ed \u00e8 disponibile all&#8217;indirizzo per essere utilizzato da privati, professionisti e autorit\u00e0 locali. Usalo senza moderazione! Il kit di sensibilizzazione ai rischi digitali del 2019 Il [&hellip;]<\/p>\n","protected":false},"author":1,"featured_media":14332,"comment_status":"closed","ping_status":"closed","sticky":false,"template":"","format":"standard","meta":{"footnotes":""},"categories":[131,75],"tags":[],"ppma_author":[136,148],"class_list":["post-16717","post","type-post","status-publish","format-standard","has-post-thumbnail","hentry","category-blog","category-incidenti-di-ransomware","author-benoit-jaunet","author-benoit-jaunet-it"],"yoast_head":"<!-- This site is optimized with the Yoast SEO plugin v28.1 - https:\/\/yoast.com\/product\/yoast-seo-wordpress\/ -->\n<title>Sensibilizzazione sui rischi digitali - Kit ACYMA 2019<\/title>\n<meta name=\"description\" content=\"Il kit di sensibilizzazione sui rischi digitali arriva in un momento di aumento degli attacchi informatici e della criminalit\u00e0 informatica.\" \/>\n<meta name=\"robots\" content=\"index, follow, max-snippet:-1, max-image-preview:large, max-video-preview:-1\" \/>\n<link rel=\"canonical\" href=\"https:\/\/dev.databack.fr\/it\/blog\/sensibilizzazione-sui-rischi-digitali-acyma-pubblica-un-kit-completo-con-licenza-aperta\/\" \/>\n<meta property=\"og:locale\" content=\"it_IT\" \/>\n<meta property=\"og:type\" content=\"article\" \/>\n<meta property=\"og:title\" content=\"Sensibilizzazione sui rischi digitali - Kit ACYMA 2019\" \/>\n<meta property=\"og:description\" content=\"Il kit di sensibilizzazione sui rischi digitali arriva in un momento di aumento degli attacchi informatici e della criminalit\u00e0 informatica.\" \/>\n<meta property=\"og:url\" content=\"https:\/\/dev.databack.fr\/it\/blog\/sensibilizzazione-sui-rischi-digitali-acyma-pubblica-un-kit-completo-con-licenza-aperta\/\" \/>\n<meta property=\"og:site_name\" content=\"Databack\" \/>\n<meta property=\"article:published_time\" content=\"2019-07-10T12:54:01+00:00\" \/>\n<meta property=\"article:modified_time\" content=\"2026-02-25T20:48:02+00:00\" \/>\n<meta property=\"og:image\" content=\"https:\/\/dev.databack.fr\/wp-content\/uploads\/2019\/07\/cyber-security.jpg\" \/>\n\t<meta property=\"og:image:width\" content=\"800\" \/>\n\t<meta property=\"og:image:height\" content=\"533\" \/>\n\t<meta property=\"og:image:type\" content=\"image\/jpeg\" \/>\n<meta name=\"author\" content=\"Benoit Jaunet, Benoit Jaunet\" \/>\n<meta name=\"twitter:card\" content=\"summary_large_image\" \/>\n<meta name=\"twitter:label1\" content=\"Scritto da\" \/>\n\t<meta name=\"twitter:data1\" content=\"DATABACK\" \/>\n\t<meta name=\"twitter:label2\" content=\"Tempo di lettura stimato\" \/>\n\t<meta name=\"twitter:data2\" content=\"3 minuto\" \/>\n<!-- \/ Yoast SEO plugin. -->","yoast_head_json":{"title":"Sensibilizzazione sui rischi digitali - Kit ACYMA 2019","description":"Il kit di sensibilizzazione sui rischi digitali arriva in un momento di aumento degli attacchi informatici e della criminalit\u00e0 informatica.","robots":{"index":"index","follow":"follow","max-snippet":"max-snippet:-1","max-image-preview":"max-image-preview:large","max-video-preview":"max-video-preview:-1"},"canonical":"https:\/\/dev.databack.fr\/it\/blog\/sensibilizzazione-sui-rischi-digitali-acyma-pubblica-un-kit-completo-con-licenza-aperta\/","og_locale":"it_IT","og_type":"article","og_title":"Sensibilizzazione sui rischi digitali - Kit ACYMA 2019","og_description":"Il kit di sensibilizzazione sui rischi digitali arriva in un momento di aumento degli attacchi informatici e della criminalit\u00e0 informatica.","og_url":"https:\/\/dev.databack.fr\/it\/blog\/sensibilizzazione-sui-rischi-digitali-acyma-pubblica-un-kit-completo-con-licenza-aperta\/","og_site_name":"Databack","article_published_time":"2019-07-10T12:54:01+00:00","article_modified_time":"2026-02-25T20:48:02+00:00","og_image":[{"width":800,"height":533,"url":"https:\/\/dev.databack.fr\/wp-content\/uploads\/2019\/07\/cyber-security.jpg","type":"image\/jpeg"}],"author":"Benoit Jaunet, Benoit Jaunet","twitter_card":"summary_large_image","twitter_misc":{"Scritto da":"DATABACK","Tempo di lettura stimato":"3 minuto"},"schema":{"@context":"https:\/\/schema.org","@graph":[{"@type":"Article","@id":"https:\/\/dev.databack.fr\/it\/blog\/sensibilizzazione-sui-rischi-digitali-acyma-pubblica-un-kit-completo-con-licenza-aperta\/#article","isPartOf":{"@id":"https:\/\/dev.databack.fr\/it\/blog\/sensibilizzazione-sui-rischi-digitali-acyma-pubblica-un-kit-completo-con-licenza-aperta\/"},"author":{"name":"DATABACK","@id":"https:\/\/dev.databack.fr\/it\/#\/schema\/person\/421970d20e3eb0fbbadde807cb372061"},"headline":"Sensibilizzazione sui rischi digitali: ACYMA pubblica un kit completo con licenza aperta","datePublished":"2019-07-10T12:54:01+00:00","dateModified":"2026-02-25T20:48:02+00:00","mainEntityOfPage":{"@id":"https:\/\/dev.databack.fr\/it\/blog\/sensibilizzazione-sui-rischi-digitali-acyma-pubblica-un-kit-completo-con-licenza-aperta\/"},"wordCount":479,"publisher":{"@id":"https:\/\/dev.databack.fr\/it\/#organization"},"image":{"@id":"https:\/\/dev.databack.fr\/it\/blog\/sensibilizzazione-sui-rischi-digitali-acyma-pubblica-un-kit-completo-con-licenza-aperta\/#primaryimage"},"thumbnailUrl":"https:\/\/dev.databack.fr\/wp-content\/uploads\/2019\/07\/cyber-security.jpg","articleSection":["BLOG","Incidenti di ransomware"],"inLanguage":"it-IT"},{"@type":"WebPage","@id":"https:\/\/dev.databack.fr\/it\/blog\/sensibilizzazione-sui-rischi-digitali-acyma-pubblica-un-kit-completo-con-licenza-aperta\/","url":"https:\/\/dev.databack.fr\/it\/blog\/sensibilizzazione-sui-rischi-digitali-acyma-pubblica-un-kit-completo-con-licenza-aperta\/","name":"Sensibilizzazione sui rischi digitali - Kit ACYMA 2019","isPartOf":{"@id":"https:\/\/dev.databack.fr\/it\/#website"},"primaryImageOfPage":{"@id":"https:\/\/dev.databack.fr\/it\/blog\/sensibilizzazione-sui-rischi-digitali-acyma-pubblica-un-kit-completo-con-licenza-aperta\/#primaryimage"},"image":{"@id":"https:\/\/dev.databack.fr\/it\/blog\/sensibilizzazione-sui-rischi-digitali-acyma-pubblica-un-kit-completo-con-licenza-aperta\/#primaryimage"},"thumbnailUrl":"https:\/\/dev.databack.fr\/wp-content\/uploads\/2019\/07\/cyber-security.jpg","datePublished":"2019-07-10T12:54:01+00:00","dateModified":"2026-02-25T20:48:02+00:00","description":"Il kit di sensibilizzazione sui rischi digitali arriva in un momento di aumento degli attacchi informatici e della criminalit\u00e0 informatica.","breadcrumb":{"@id":"https:\/\/dev.databack.fr\/it\/blog\/sensibilizzazione-sui-rischi-digitali-acyma-pubblica-un-kit-completo-con-licenza-aperta\/#breadcrumb"},"inLanguage":"it-IT","potentialAction":[{"@type":"ReadAction","target":["https:\/\/dev.databack.fr\/it\/blog\/sensibilizzazione-sui-rischi-digitali-acyma-pubblica-un-kit-completo-con-licenza-aperta\/"]}]},{"@type":"ImageObject","inLanguage":"it-IT","@id":"https:\/\/dev.databack.fr\/it\/blog\/sensibilizzazione-sui-rischi-digitali-acyma-pubblica-un-kit-completo-con-licenza-aperta\/#primaryimage","url":"https:\/\/dev.databack.fr\/wp-content\/uploads\/2019\/07\/cyber-security.jpg","contentUrl":"https:\/\/dev.databack.fr\/wp-content\/uploads\/2019\/07\/cyber-security.jpg","width":800,"height":533},{"@type":"BreadcrumbList","@id":"https:\/\/dev.databack.fr\/it\/blog\/sensibilizzazione-sui-rischi-digitali-acyma-pubblica-un-kit-completo-con-licenza-aperta\/#breadcrumb","itemListElement":[{"@type":"ListItem","position":1,"name":"R\u00e9cup\u00e9ration de donn\u00e9es","item":"https:\/\/dev.databack.fr\/it\/"},{"@type":"ListItem","position":2,"name":"Sensibilizzazione sui rischi digitali: ACYMA pubblica un kit completo con licenza aperta"}]},{"@type":"WebSite","@id":"https:\/\/dev.databack.fr\/it\/#website","url":"https:\/\/dev.databack.fr\/it\/","name":"Databack","description":"Laboratoire fran\u00e7ais de traitement de donn\u00e9es sensibles et volumineuses","publisher":{"@id":"https:\/\/dev.databack.fr\/it\/#organization"},"potentialAction":[{"@type":"SearchAction","target":{"@type":"EntryPoint","urlTemplate":"https:\/\/dev.databack.fr\/it\/?s={search_term_string}"},"query-input":{"@type":"PropertyValueSpecification","valueRequired":true,"valueName":"search_term_string"}}],"inLanguage":"it-IT"},{"@type":"Organization","@id":"https:\/\/dev.databack.fr\/it\/#organization","name":"Databack","url":"https:\/\/dev.databack.fr\/it\/","logo":{"@type":"ImageObject","inLanguage":"it-IT","@id":"https:\/\/dev.databack.fr\/it\/#\/schema\/logo\/image\/","url":"https:\/\/dev.databack.fr\/wp-content\/uploads\/2025\/06\/favicon.png","contentUrl":"https:\/\/dev.databack.fr\/wp-content\/uploads\/2025\/06\/favicon.png","width":512,"height":512,"caption":"Databack"},"image":{"@id":"https:\/\/dev.databack.fr\/it\/#\/schema\/logo\/image\/"}},{"@type":"Person","@id":"https:\/\/dev.databack.fr\/it\/#\/schema\/person\/421970d20e3eb0fbbadde807cb372061","name":"DATABACK","sameAs":["https:\/\/www.linkedin.com\/company\/databack-fr\/"]}]}},"authors":[{"term_id":136,"user_id":12,"is_guest":0,"slug":"benoit-jaunet","display_name":"Benoit Jaunet","avatar_url":{"url":"https:\/\/dev.databack.fr\/wp-content\/uploads\/2025\/06\/benoit-databack-scaled.jpg","url2x":"https:\/\/dev.databack.fr\/wp-content\/uploads\/2025\/06\/benoit-databack-scaled.jpg"},"author_category":"1","first_name":"Benoit","last_name":"Jaunet","user_url":"https:\/\/www.linkedin.com\/in\/benoit-jaunet-1604847a\/","job_title":"CHARG\u00c9 D'AFFAIRES","description":"Beno\u00eet Jaunet rejoint <strong>DATABACK<\/strong> en 2010 en tant que charg\u00e9 d\u2019affaires. Interlocuteur privil\u00e9gi\u00e9 des clients particuliers comme professionnels, il joue un r\u00f4le central dans l\u2019\u00e9valuation des situations de perte de donn\u00e9es, l\u2019orientation des demandes vers les \u00e9quipes techniques et le suivi des projets de r\u00e9cup\u00e9ration.\r\n\r\nGr\u00e2ce \u00e0 une connaissance fine des contraintes m\u00e9tiers et des contextes techniques vari\u00e9s, il contribue au quotidien \u00e0 \u00e9tablir une relation de confiance avec les clients et \u00e0 garantir un accompagnement clair, r\u00e9actif et transparent tout au long du processus."},{"term_id":148,"user_id":0,"is_guest":1,"slug":"benoit-jaunet-it","display_name":"Benoit Jaunet","avatar_url":"https:\/\/secure.gravatar.com\/avatar\/?s=96&d=mm&r=g","author_category":"","first_name":"","last_name":"","user_url":"","job_title":"","description":""}],"_links":{"self":[{"href":"https:\/\/dev.databack.fr\/it\/wp-json\/wp\/v2\/posts\/16717","targetHints":{"allow":["GET"]}}],"collection":[{"href":"https:\/\/dev.databack.fr\/it\/wp-json\/wp\/v2\/posts"}],"about":[{"href":"https:\/\/dev.databack.fr\/it\/wp-json\/wp\/v2\/types\/post"}],"author":[{"embeddable":true,"href":"https:\/\/dev.databack.fr\/it\/wp-json\/wp\/v2\/users\/1"}],"replies":[{"embeddable":true,"href":"https:\/\/dev.databack.fr\/it\/wp-json\/wp\/v2\/comments?post=16717"}],"version-history":[{"count":2,"href":"https:\/\/dev.databack.fr\/it\/wp-json\/wp\/v2\/posts\/16717\/revisions"}],"predecessor-version":[{"id":19050,"href":"https:\/\/dev.databack.fr\/it\/wp-json\/wp\/v2\/posts\/16717\/revisions\/19050"}],"wp:featuredmedia":[{"embeddable":true,"href":"https:\/\/dev.databack.fr\/it\/wp-json\/wp\/v2\/media\/14332"}],"wp:attachment":[{"href":"https:\/\/dev.databack.fr\/it\/wp-json\/wp\/v2\/media?parent=16717"}],"wp:term":[{"taxonomy":"category","embeddable":true,"href":"https:\/\/dev.databack.fr\/it\/wp-json\/wp\/v2\/categories?post=16717"},{"taxonomy":"post_tag","embeddable":true,"href":"https:\/\/dev.databack.fr\/it\/wp-json\/wp\/v2\/tags?post=16717"},{"taxonomy":"author","embeddable":true,"href":"https:\/\/dev.databack.fr\/it\/wp-json\/wp\/v2\/ppma_author?post=16717"}],"curies":[{"name":"wp","href":"https:\/\/api.w.org\/{rel}","templated":true}]}}