{"id":16676,"date":"2020-03-20T12:45:51","date_gmt":"2020-03-20T11:45:51","guid":{"rendered":"https:\/\/dev.databack.fr\/senza-categoria\/covid-19-vigilanza-contro-la-criminalita-informatica\/"},"modified":"2026-02-26T13:44:28","modified_gmt":"2026-02-26T12:44:28","slug":"covid-19-vigilanza-contro-la-criminalita-informatica","status":"publish","type":"post","link":"https:\/\/dev.databack.fr\/it\/blog\/covid-19-vigilanza-contro-la-criminalita-informatica\/","title":{"rendered":"COVID 19: Vigilanza contro la criminalit\u00e0 informatica"},"content":{"rendered":"\n<p class=\"wp-block-paragraph\">In tempi di crisi come questi, \u00e8 fondamentale essere vigili di fronte a potenziali criminali informatici. Questi criminali approfittano della paura delle persone e dell&#8217;uso massiccio della tecnologia digitale in tempi di reclusione per commettere molteplici reati.   <\/p>\n\n<h2 class=\"wp-block-heading\">Quali sono le principali insidie da evitare?<\/h2>\n\n<p class=\"wp-block-paragraph\">Le trappole tese dai criminali informatici sono numerose e riguardano sia i privati che i professionisti. Per questo \u00e8 necessario essere vigili in molti casi: <\/p>\n\n<ul class=\"wp-block-list\">\n<li>Chiamate e messaggi di origine sconosciuta<\/li>\n\n\n\n<li>Strani allegati e link<\/li>\n\n\n\n<li>Affidabilit\u00e0 dei siti web da cui acquisti<\/li>\n\n\n\n<li>Informazioni false su Internet<\/li>\n\n\n\n<li>Richieste di donazioni fraudolente<\/li>\n\n\n\n<li>E cos\u00ec via.<\/li>\n<\/ul>\n\n<h2 class=\"wp-block-heading\">Vuoi saperne di pi\u00f9?<\/h2>\n\n<p class=\"wp-block-paragraph\">Il sito web <a href=\"https:\/\/www.cybermalveillance.gouv.fr\">cybermalveillance.gouv.fr<\/a> ha pubblicato un invito a rafforzare le misure di vigilanza sulla sicurezza informatica. Ora puoi leggere l&#8217;articolo completo per saperne di pi\u00f9 sulle insidie da evitare e sulle migliori pratiche da adottare. <\/p>\n\n<div class=\"wp-block-button aligncenter\"><a class=\"wp-block-button__link has-noir-color has-orange-background-color has-text-color has-background wp-element-button\" href=\"https:\/\/www.cybermalveillance.gouv.fr\/tous-nos-contenus\/actualites\/coronavirus-covid-19-vigilance-cybersecurite\" target=\"_blank\" rel=\"noreferrer noopener\">Leggi l&#8217;articolo<\/a><\/div>\n","protected":false},"excerpt":{"rendered":"<p>In tempi di crisi come questi, \u00e8 fondamentale essere vigili di fronte a potenziali criminali informatici. Questi criminali approfittano della paura delle persone e dell&#8217;uso massiccio della tecnologia digitale in tempi di reclusione per commettere molteplici reati. Quali sono le principali insidie da evitare? Le trappole tese dai criminali informatici sono numerose e riguardano sia [&hellip;]<\/p>\n","protected":false},"author":1,"featured_media":14362,"comment_status":"closed","ping_status":"closed","sticky":false,"template":"","format":"standard","meta":{"footnotes":""},"categories":[131,75],"tags":[],"ppma_author":[136,148],"class_list":["post-16676","post","type-post","status-publish","format-standard","has-post-thumbnail","hentry","category-blog","category-incidenti-di-ransomware","author-benoit-jaunet","author-benoit-jaunet-it"],"yoast_head":"<!-- This site is optimized with the Yoast SEO plugin v28.1 - https:\/\/yoast.com\/product\/yoast-seo-wordpress\/ -->\n<title>COVID-19 e criminalit\u00e0 informatica: attenzione<\/title>\n<meta name=\"description\" content=\"In tempi di crisi come questi, \u00e8 fondamentale essere vigili di fronte a potenziali criminali informatici.\" \/>\n<meta name=\"robots\" content=\"index, follow, max-snippet:-1, max-image-preview:large, max-video-preview:-1\" \/>\n<link rel=\"canonical\" href=\"https:\/\/dev.databack.fr\/it\/blog\/covid-19-vigilanza-contro-la-criminalita-informatica\/\" \/>\n<meta property=\"og:locale\" content=\"it_IT\" \/>\n<meta property=\"og:type\" content=\"article\" \/>\n<meta property=\"og:title\" content=\"COVID-19 e criminalit\u00e0 informatica: attenzione\" \/>\n<meta property=\"og:description\" content=\"In tempi di crisi come questi, \u00e8 fondamentale essere vigili di fronte a potenziali criminali informatici.\" \/>\n<meta property=\"og:url\" content=\"https:\/\/dev.databack.fr\/it\/blog\/covid-19-vigilanza-contro-la-criminalita-informatica\/\" \/>\n<meta property=\"og:site_name\" content=\"Databack\" \/>\n<meta property=\"article:published_time\" content=\"2020-03-20T11:45:51+00:00\" \/>\n<meta property=\"article:modified_time\" content=\"2026-02-26T12:44:28+00:00\" \/>\n<meta property=\"og:image\" content=\"https:\/\/dev.databack.fr\/wp-content\/uploads\/2020\/03\/cybermalveillance-covid-19.jpg\" \/>\n\t<meta property=\"og:image:width\" content=\"796\" \/>\n\t<meta property=\"og:image:height\" content=\"530\" \/>\n\t<meta property=\"og:image:type\" content=\"image\/jpeg\" \/>\n<meta name=\"author\" content=\"Benoit Jaunet, Benoit Jaunet\" \/>\n<meta name=\"twitter:card\" content=\"summary_large_image\" \/>\n<meta name=\"twitter:label1\" content=\"Scritto da\" \/>\n\t<meta name=\"twitter:data1\" content=\"DATABACK\" \/>\n\t<meta name=\"twitter:label2\" content=\"Tempo di lettura stimato\" \/>\n\t<meta name=\"twitter:data2\" content=\"1 minuto\" \/>\n<!-- \/ Yoast SEO plugin. -->","yoast_head_json":{"title":"COVID-19 e criminalit\u00e0 informatica: attenzione","description":"In tempi di crisi come questi, \u00e8 fondamentale essere vigili di fronte a potenziali criminali informatici.","robots":{"index":"index","follow":"follow","max-snippet":"max-snippet:-1","max-image-preview":"max-image-preview:large","max-video-preview":"max-video-preview:-1"},"canonical":"https:\/\/dev.databack.fr\/it\/blog\/covid-19-vigilanza-contro-la-criminalita-informatica\/","og_locale":"it_IT","og_type":"article","og_title":"COVID-19 e criminalit\u00e0 informatica: attenzione","og_description":"In tempi di crisi come questi, \u00e8 fondamentale essere vigili di fronte a potenziali criminali informatici.","og_url":"https:\/\/dev.databack.fr\/it\/blog\/covid-19-vigilanza-contro-la-criminalita-informatica\/","og_site_name":"Databack","article_published_time":"2020-03-20T11:45:51+00:00","article_modified_time":"2026-02-26T12:44:28+00:00","og_image":[{"width":796,"height":530,"url":"https:\/\/dev.databack.fr\/wp-content\/uploads\/2020\/03\/cybermalveillance-covid-19.jpg","type":"image\/jpeg"}],"author":"Benoit Jaunet, Benoit Jaunet","twitter_card":"summary_large_image","twitter_misc":{"Scritto da":"DATABACK","Tempo di lettura stimato":"1 minuto"},"schema":{"@context":"https:\/\/schema.org","@graph":[{"@type":"Article","@id":"https:\/\/dev.databack.fr\/it\/blog\/covid-19-vigilanza-contro-la-criminalita-informatica\/#article","isPartOf":{"@id":"https:\/\/dev.databack.fr\/it\/blog\/covid-19-vigilanza-contro-la-criminalita-informatica\/"},"author":{"name":"DATABACK","@id":"https:\/\/dev.databack.fr\/it\/#\/schema\/person\/421970d20e3eb0fbbadde807cb372061"},"headline":"COVID 19: Vigilanza contro la criminalit\u00e0 informatica","datePublished":"2020-03-20T11:45:51+00:00","dateModified":"2026-02-26T12:44:28+00:00","mainEntityOfPage":{"@id":"https:\/\/dev.databack.fr\/it\/blog\/covid-19-vigilanza-contro-la-criminalita-informatica\/"},"wordCount":148,"publisher":{"@id":"https:\/\/dev.databack.fr\/it\/#organization"},"image":{"@id":"https:\/\/dev.databack.fr\/it\/blog\/covid-19-vigilanza-contro-la-criminalita-informatica\/#primaryimage"},"thumbnailUrl":"https:\/\/dev.databack.fr\/wp-content\/uploads\/2020\/03\/cybermalveillance-covid-19.jpg","articleSection":["BLOG","Incidenti di ransomware"],"inLanguage":"it-IT"},{"@type":"WebPage","@id":"https:\/\/dev.databack.fr\/it\/blog\/covid-19-vigilanza-contro-la-criminalita-informatica\/","url":"https:\/\/dev.databack.fr\/it\/blog\/covid-19-vigilanza-contro-la-criminalita-informatica\/","name":"COVID-19 e criminalit\u00e0 informatica: attenzione","isPartOf":{"@id":"https:\/\/dev.databack.fr\/it\/#website"},"primaryImageOfPage":{"@id":"https:\/\/dev.databack.fr\/it\/blog\/covid-19-vigilanza-contro-la-criminalita-informatica\/#primaryimage"},"image":{"@id":"https:\/\/dev.databack.fr\/it\/blog\/covid-19-vigilanza-contro-la-criminalita-informatica\/#primaryimage"},"thumbnailUrl":"https:\/\/dev.databack.fr\/wp-content\/uploads\/2020\/03\/cybermalveillance-covid-19.jpg","datePublished":"2020-03-20T11:45:51+00:00","dateModified":"2026-02-26T12:44:28+00:00","description":"In tempi di crisi come questi, \u00e8 fondamentale essere vigili di fronte a potenziali criminali informatici.","breadcrumb":{"@id":"https:\/\/dev.databack.fr\/it\/blog\/covid-19-vigilanza-contro-la-criminalita-informatica\/#breadcrumb"},"inLanguage":"it-IT","potentialAction":[{"@type":"ReadAction","target":["https:\/\/dev.databack.fr\/it\/blog\/covid-19-vigilanza-contro-la-criminalita-informatica\/"]}]},{"@type":"ImageObject","inLanguage":"it-IT","@id":"https:\/\/dev.databack.fr\/it\/blog\/covid-19-vigilanza-contro-la-criminalita-informatica\/#primaryimage","url":"https:\/\/dev.databack.fr\/wp-content\/uploads\/2020\/03\/cybermalveillance-covid-19.jpg","contentUrl":"https:\/\/dev.databack.fr\/wp-content\/uploads\/2020\/03\/cybermalveillance-covid-19.jpg","width":796,"height":530},{"@type":"BreadcrumbList","@id":"https:\/\/dev.databack.fr\/it\/blog\/covid-19-vigilanza-contro-la-criminalita-informatica\/#breadcrumb","itemListElement":[{"@type":"ListItem","position":1,"name":"R\u00e9cup\u00e9ration de donn\u00e9es","item":"https:\/\/dev.databack.fr\/it\/"},{"@type":"ListItem","position":2,"name":"COVID 19: Vigilanza contro la criminalit\u00e0 informatica"}]},{"@type":"WebSite","@id":"https:\/\/dev.databack.fr\/it\/#website","url":"https:\/\/dev.databack.fr\/it\/","name":"Databack","description":"Laboratoire fran\u00e7ais de traitement de donn\u00e9es sensibles et volumineuses","publisher":{"@id":"https:\/\/dev.databack.fr\/it\/#organization"},"potentialAction":[{"@type":"SearchAction","target":{"@type":"EntryPoint","urlTemplate":"https:\/\/dev.databack.fr\/it\/?s={search_term_string}"},"query-input":{"@type":"PropertyValueSpecification","valueRequired":true,"valueName":"search_term_string"}}],"inLanguage":"it-IT"},{"@type":"Organization","@id":"https:\/\/dev.databack.fr\/it\/#organization","name":"Databack","url":"https:\/\/dev.databack.fr\/it\/","logo":{"@type":"ImageObject","inLanguage":"it-IT","@id":"https:\/\/dev.databack.fr\/it\/#\/schema\/logo\/image\/","url":"https:\/\/dev.databack.fr\/wp-content\/uploads\/2025\/06\/favicon.png","contentUrl":"https:\/\/dev.databack.fr\/wp-content\/uploads\/2025\/06\/favicon.png","width":512,"height":512,"caption":"Databack"},"image":{"@id":"https:\/\/dev.databack.fr\/it\/#\/schema\/logo\/image\/"}},{"@type":"Person","@id":"https:\/\/dev.databack.fr\/it\/#\/schema\/person\/421970d20e3eb0fbbadde807cb372061","name":"DATABACK","sameAs":["https:\/\/www.linkedin.com\/company\/databack-fr\/"]}]}},"authors":[{"term_id":136,"user_id":12,"is_guest":0,"slug":"benoit-jaunet","display_name":"Benoit Jaunet","avatar_url":{"url":"https:\/\/dev.databack.fr\/wp-content\/uploads\/2025\/06\/benoit-databack-scaled.jpg","url2x":"https:\/\/dev.databack.fr\/wp-content\/uploads\/2025\/06\/benoit-databack-scaled.jpg"},"author_category":"1","first_name":"Benoit","last_name":"Jaunet","user_url":"https:\/\/www.linkedin.com\/in\/benoit-jaunet-1604847a\/","job_title":"CHARG\u00c9 D'AFFAIRES","description":"Beno\u00eet Jaunet rejoint <strong>DATABACK<\/strong> en 2010 en tant que charg\u00e9 d\u2019affaires. Interlocuteur privil\u00e9gi\u00e9 des clients particuliers comme professionnels, il joue un r\u00f4le central dans l\u2019\u00e9valuation des situations de perte de donn\u00e9es, l\u2019orientation des demandes vers les \u00e9quipes techniques et le suivi des projets de r\u00e9cup\u00e9ration.\r\n\r\nGr\u00e2ce \u00e0 une connaissance fine des contraintes m\u00e9tiers et des contextes techniques vari\u00e9s, il contribue au quotidien \u00e0 \u00e9tablir une relation de confiance avec les clients et \u00e0 garantir un accompagnement clair, r\u00e9actif et transparent tout au long du processus."},{"term_id":148,"user_id":0,"is_guest":1,"slug":"benoit-jaunet-it","display_name":"Benoit Jaunet","avatar_url":"https:\/\/secure.gravatar.com\/avatar\/?s=96&d=mm&r=g","author_category":"","first_name":"","last_name":"","user_url":"","job_title":"","description":""}],"_links":{"self":[{"href":"https:\/\/dev.databack.fr\/it\/wp-json\/wp\/v2\/posts\/16676","targetHints":{"allow":["GET"]}}],"collection":[{"href":"https:\/\/dev.databack.fr\/it\/wp-json\/wp\/v2\/posts"}],"about":[{"href":"https:\/\/dev.databack.fr\/it\/wp-json\/wp\/v2\/types\/post"}],"author":[{"embeddable":true,"href":"https:\/\/dev.databack.fr\/it\/wp-json\/wp\/v2\/users\/1"}],"replies":[{"embeddable":true,"href":"https:\/\/dev.databack.fr\/it\/wp-json\/wp\/v2\/comments?post=16676"}],"version-history":[{"count":1,"href":"https:\/\/dev.databack.fr\/it\/wp-json\/wp\/v2\/posts\/16676\/revisions"}],"predecessor-version":[{"id":19013,"href":"https:\/\/dev.databack.fr\/it\/wp-json\/wp\/v2\/posts\/16676\/revisions\/19013"}],"wp:featuredmedia":[{"embeddable":true,"href":"https:\/\/dev.databack.fr\/it\/wp-json\/wp\/v2\/media\/14362"}],"wp:attachment":[{"href":"https:\/\/dev.databack.fr\/it\/wp-json\/wp\/v2\/media?parent=16676"}],"wp:term":[{"taxonomy":"category","embeddable":true,"href":"https:\/\/dev.databack.fr\/it\/wp-json\/wp\/v2\/categories?post=16676"},{"taxonomy":"post_tag","embeddable":true,"href":"https:\/\/dev.databack.fr\/it\/wp-json\/wp\/v2\/tags?post=16676"},{"taxonomy":"author","embeddable":true,"href":"https:\/\/dev.databack.fr\/it\/wp-json\/wp\/v2\/ppma_author?post=16676"}],"curies":[{"name":"wp","href":"https:\/\/api.w.org\/{rel}","templated":true}]}}