{"id":16601,"date":"2021-10-07T09:30:28","date_gmt":"2021-10-07T07:30:28","guid":{"rendered":"https:\/\/dev.databack.fr\/senza-categoria\/cybermoi-s-2021-ottobre-mese-della-consapevolezza-digitale\/"},"modified":"2026-02-26T13:44:38","modified_gmt":"2026-02-26T12:44:38","slug":"cybermoi-s-2021-ottobre-mese-della-consapevolezza-digitale","status":"publish","type":"post","link":"https:\/\/dev.databack.fr\/it\/blog\/cybermoi-s-2021-ottobre-mese-della-consapevolezza-digitale\/","title":{"rendered":"CyberMoi\/s 2021: ottobre, mese della consapevolezza digitale"},"content":{"rendered":"\n<p class=\"wp-block-paragraph\"><em>Ogni anno, in autunno, si tiene un evento nazionale: <strong>CyberMoi\/s.<br\/><\/strong>Ogni ottobre, l&#8217;ANSSI lancia un evento dedicato alla <strong>sensibilizzazione e alla prevenzione dell&#8217;uso della tecnologia digitale<\/strong>. Vengono forniti consigli e raccomandazioni per aiutarti a proteggere meglio la tua vita digitale. <\/em><\/p>\n\n<h2 class=\"wp-block-heading\">CyberMoi\/s : Prenditi cura del tuo io digitale<\/h2>\n\n<p class=\"wp-block-paragraph\">La campagna CyberMoi\/s lanciata dall&#8217;ANSSI e guidata da <a href=\"https:\/\/fr.linkedin.com\/posts\/anssi-fr_lancement-du-cybermois-par-guillaume-poupard-activity-6849653878300909568-7zXP\">Guillaume Poupard, Direttore Generale dell&#8217;ANSSI<\/a>, mira a sensibilizzare l&#8217;opinione pubblica sui rischi digitali e ad adottare i giusti riflessi per <strong>rendere sicuro l&#8217;uso di Internet e<\/strong> prendersi cura del proprio &#8220;io&#8221; digitale.<\/p>\n\n<p class=\"wp-block-paragraph\"><strong>L&#8217;ANSSI<\/strong> (Agence nationale de la s\u00e9curit\u00e9 des syst\u00e8mes d&#8217;information) \u00e8 l&#8217;autorit\u00e0 nazionale responsabile del sostegno e della sicurezza dello sviluppo digitale. Come attore principale della sicurezza informatica, l&#8217;ANSSI fornisce competenze e assistenza tecnica alle agenzie governative e alle imprese, con una missione rafforzata per gli operatori di importanza vitale (OIV). Monitora, rileva, allerta e <strong>reagisce agli attacchi informatici.<\/strong>  <\/p>\n\n<p class=\"wp-block-paragraph\">CyberMoi\/s offre un <strong>programma educativo completo,<\/strong> organizzato da una vasta gamma di enti pubblici e di volontariato. Grazie a un&#8217;ampia gamma di guide, dossier, best practice, grafici per computer, kit di comunicazione e molto altro ancora, sarai informato sulle cose da fare e da non fare sia nella tua vita personale che in quella professionale. Quest&#8217;anno l&#8217;accento \u00e8 posto sulla necessit\u00e0 di utilizzare password complesse e di cambiarle frequentemente. Ci sono molti altri consigli su come <strong>rafforzare la tua sicurezza digitale.<\/strong>   <\/p>\n\n<figure class=\"wp-block-image size-full is-resized\"><img fetchpriority=\"high\" decoding=\"async\" width=\"510\" height=\"340\" src=\"https:\/\/dev.databack.fr\/wp-content\/uploads\/2021\/10\/cybermois-2021-octobre-mois-de-la-conscience-numerique-2.jpg\" alt=\"Rafforza le tue password nel 2021\" class=\"wp-image-9450\" style=\"width:1180px;height:492px\" srcset=\"https:\/\/dev.databack.fr\/wp-content\/uploads\/2021\/10\/cybermois-2021-octobre-mois-de-la-conscience-numerique-2.jpg 510w, https:\/\/dev.databack.fr\/wp-content\/uploads\/2021\/10\/cybermois-2021-octobre-mois-de-la-conscience-numerique-2-300x200.jpg 300w\" sizes=\"(max-width: 510px) 100vw, 510px\" \/><\/figure>\n\n<h2 class=\"wp-block-heading\">Nel 2021, rafforza le tue password!<\/h2>\n\n<p class=\"wp-block-paragraph\"><em>Georgette33 ? 123456 ? <\/em>  Le password fanno parte della vita quotidiana in Francia, ma a volte vengono trascurate. Per la sua terza edizione, CyberMoi\/s condivide tutte le chiavi per <strong>gestire e rafforzare al meglio le tue password.<\/strong> <\/p>\n\n<p class=\"wp-block-paragraph\">Da alcuni mesi, noi di <a href=\"https:\/\/dev.databack.fr\/it\/\">Databack<\/a> stiamo assistendo a un aumento degli <strong>attacchi informatici e del furto di dati personali<\/strong>. L&#8217;utilizzo di <strong>password sicure<\/strong> \u00e8 quindi una prima barriera efficace. <\/p>\n\n<p class=\"wp-block-paragraph\">Questo articolo dell&#8217;ANSSI illustra alcune best practice facili da seguire per definire <strong>password efficaci e facili da ricordare<\/strong>.<\/p>\n","protected":false},"excerpt":{"rendered":"<p>Ogni anno, in autunno, si tiene un evento nazionale: CyberMoi\/s.Ogni ottobre, l&#8217;ANSSI lancia un evento dedicato alla sensibilizzazione e alla prevenzione dell&#8217;uso della tecnologia digitale. Vengono forniti consigli e raccomandazioni per aiutarti a proteggere meglio la tua vita digitale. CyberMoi\/s : Prenditi cura del tuo io digitale La campagna CyberMoi\/s lanciata dall&#8217;ANSSI e guidata da [&hellip;]<\/p>\n","protected":false},"author":1,"featured_media":14440,"comment_status":"closed","ping_status":"closed","sticky":false,"template":"","format":"standard","meta":{"footnotes":""},"categories":[131,75],"tags":[],"ppma_author":[136,148],"class_list":["post-16601","post","type-post","status-publish","format-standard","has-post-thumbnail","hentry","category-blog","category-incidenti-di-ransomware","author-benoit-jaunet","author-benoit-jaunet-it"],"yoast_head":"<!-- This site is optimized with the Yoast SEO plugin v28.1 - https:\/\/yoast.com\/product\/yoast-seo-wordpress\/ -->\n<title>Cybermois 2021: consapevolezza digitale<\/title>\n<meta name=\"description\" content=\"Ogni anno, a ottobre, l&#039;ANSSI lancia un evento dedicato alla sensibilizzazione e alla prevenzione dell&#039;uso della tecnologia digitale.\" \/>\n<meta name=\"robots\" content=\"index, follow, max-snippet:-1, max-image-preview:large, max-video-preview:-1\" \/>\n<link rel=\"canonical\" href=\"https:\/\/dev.databack.fr\/it\/blog\/cybermoi-s-2021-ottobre-mese-della-consapevolezza-digitale\/\" \/>\n<meta property=\"og:locale\" content=\"it_IT\" \/>\n<meta property=\"og:type\" content=\"article\" \/>\n<meta property=\"og:title\" content=\"Cybermois 2021: consapevolezza digitale\" \/>\n<meta property=\"og:description\" content=\"Ogni anno, a ottobre, l&#039;ANSSI lancia un evento dedicato alla sensibilizzazione e alla prevenzione dell&#039;uso della tecnologia digitale.\" \/>\n<meta property=\"og:url\" content=\"https:\/\/dev.databack.fr\/it\/blog\/cybermoi-s-2021-ottobre-mese-della-consapevolezza-digitale\/\" \/>\n<meta property=\"og:site_name\" content=\"Databack\" \/>\n<meta property=\"article:published_time\" content=\"2021-10-07T07:30:28+00:00\" \/>\n<meta property=\"article:modified_time\" content=\"2026-02-26T12:44:38+00:00\" \/>\n<meta property=\"og:image\" content=\"https:\/\/dev.databack.fr\/wp-content\/uploads\/2021\/10\/cybermois-2021-octobre-mois-de-la-conscience-numerique-2.jpg\" \/>\n\t<meta property=\"og:image:width\" content=\"510\" \/>\n\t<meta property=\"og:image:height\" content=\"340\" \/>\n\t<meta property=\"og:image:type\" content=\"image\/jpeg\" \/>\n<meta name=\"author\" content=\"Benoit Jaunet, Benoit Jaunet\" \/>\n<meta name=\"twitter:card\" content=\"summary_large_image\" \/>\n<meta name=\"twitter:label1\" content=\"Scritto da\" \/>\n\t<meta name=\"twitter:data1\" content=\"DATABACK\" \/>\n\t<meta name=\"twitter:label2\" content=\"Tempo di lettura stimato\" \/>\n\t<meta name=\"twitter:data2\" content=\"3 minuto\" \/>\n<!-- \/ Yoast SEO plugin. -->","yoast_head_json":{"title":"Cybermois 2021: consapevolezza digitale","description":"Ogni anno, a ottobre, l'ANSSI lancia un evento dedicato alla sensibilizzazione e alla prevenzione dell'uso della tecnologia digitale.","robots":{"index":"index","follow":"follow","max-snippet":"max-snippet:-1","max-image-preview":"max-image-preview:large","max-video-preview":"max-video-preview:-1"},"canonical":"https:\/\/dev.databack.fr\/it\/blog\/cybermoi-s-2021-ottobre-mese-della-consapevolezza-digitale\/","og_locale":"it_IT","og_type":"article","og_title":"Cybermois 2021: consapevolezza digitale","og_description":"Ogni anno, a ottobre, l'ANSSI lancia un evento dedicato alla sensibilizzazione e alla prevenzione dell'uso della tecnologia digitale.","og_url":"https:\/\/dev.databack.fr\/it\/blog\/cybermoi-s-2021-ottobre-mese-della-consapevolezza-digitale\/","og_site_name":"Databack","article_published_time":"2021-10-07T07:30:28+00:00","article_modified_time":"2026-02-26T12:44:38+00:00","og_image":[{"width":510,"height":340,"url":"https:\/\/dev.databack.fr\/wp-content\/uploads\/2021\/10\/cybermois-2021-octobre-mois-de-la-conscience-numerique-2.jpg","type":"image\/jpeg"}],"author":"Benoit Jaunet, Benoit Jaunet","twitter_card":"summary_large_image","twitter_misc":{"Scritto da":"DATABACK","Tempo di lettura stimato":"3 minuto"},"schema":{"@context":"https:\/\/schema.org","@graph":[{"@type":"Article","@id":"https:\/\/dev.databack.fr\/it\/blog\/cybermoi-s-2021-ottobre-mese-della-consapevolezza-digitale\/#article","isPartOf":{"@id":"https:\/\/dev.databack.fr\/it\/blog\/cybermoi-s-2021-ottobre-mese-della-consapevolezza-digitale\/"},"author":{"name":"DATABACK","@id":"https:\/\/dev.databack.fr\/it\/#\/schema\/person\/421970d20e3eb0fbbadde807cb372061"},"headline":"CyberMoi\/s 2021: ottobre, mese della consapevolezza digitale","datePublished":"2021-10-07T07:30:28+00:00","dateModified":"2026-02-26T12:44:38+00:00","mainEntityOfPage":{"@id":"https:\/\/dev.databack.fr\/it\/blog\/cybermoi-s-2021-ottobre-mese-della-consapevolezza-digitale\/"},"wordCount":339,"publisher":{"@id":"https:\/\/dev.databack.fr\/it\/#organization"},"image":{"@id":"https:\/\/dev.databack.fr\/it\/blog\/cybermoi-s-2021-ottobre-mese-della-consapevolezza-digitale\/#primaryimage"},"thumbnailUrl":"https:\/\/dev.databack.fr\/wp-content\/uploads\/2021\/10\/cybermois-2021-octobre-mois-de-la-conscience-numerique-2.jpg","articleSection":["BLOG","Incidenti di ransomware"],"inLanguage":"it-IT"},{"@type":"WebPage","@id":"https:\/\/dev.databack.fr\/it\/blog\/cybermoi-s-2021-ottobre-mese-della-consapevolezza-digitale\/","url":"https:\/\/dev.databack.fr\/it\/blog\/cybermoi-s-2021-ottobre-mese-della-consapevolezza-digitale\/","name":"Cybermois 2021: consapevolezza digitale","isPartOf":{"@id":"https:\/\/dev.databack.fr\/it\/#website"},"primaryImageOfPage":{"@id":"https:\/\/dev.databack.fr\/it\/blog\/cybermoi-s-2021-ottobre-mese-della-consapevolezza-digitale\/#primaryimage"},"image":{"@id":"https:\/\/dev.databack.fr\/it\/blog\/cybermoi-s-2021-ottobre-mese-della-consapevolezza-digitale\/#primaryimage"},"thumbnailUrl":"https:\/\/dev.databack.fr\/wp-content\/uploads\/2021\/10\/cybermois-2021-octobre-mois-de-la-conscience-numerique-2.jpg","datePublished":"2021-10-07T07:30:28+00:00","dateModified":"2026-02-26T12:44:38+00:00","description":"Ogni anno, a ottobre, l'ANSSI lancia un evento dedicato alla sensibilizzazione e alla prevenzione dell'uso della tecnologia digitale.","breadcrumb":{"@id":"https:\/\/dev.databack.fr\/it\/blog\/cybermoi-s-2021-ottobre-mese-della-consapevolezza-digitale\/#breadcrumb"},"inLanguage":"it-IT","potentialAction":[{"@type":"ReadAction","target":["https:\/\/dev.databack.fr\/it\/blog\/cybermoi-s-2021-ottobre-mese-della-consapevolezza-digitale\/"]}]},{"@type":"ImageObject","inLanguage":"it-IT","@id":"https:\/\/dev.databack.fr\/it\/blog\/cybermoi-s-2021-ottobre-mese-della-consapevolezza-digitale\/#primaryimage","url":"https:\/\/dev.databack.fr\/wp-content\/uploads\/2021\/10\/cybermois-2021-octobre-mois-de-la-conscience-numerique-2.jpg","contentUrl":"https:\/\/dev.databack.fr\/wp-content\/uploads\/2021\/10\/cybermois-2021-octobre-mois-de-la-conscience-numerique-2.jpg","width":510,"height":340},{"@type":"BreadcrumbList","@id":"https:\/\/dev.databack.fr\/it\/blog\/cybermoi-s-2021-ottobre-mese-della-consapevolezza-digitale\/#breadcrumb","itemListElement":[{"@type":"ListItem","position":1,"name":"R\u00e9cup\u00e9ration de donn\u00e9es","item":"https:\/\/dev.databack.fr\/it\/"},{"@type":"ListItem","position":2,"name":"CyberMoi\/s 2021: ottobre, mese della consapevolezza digitale"}]},{"@type":"WebSite","@id":"https:\/\/dev.databack.fr\/it\/#website","url":"https:\/\/dev.databack.fr\/it\/","name":"Databack","description":"Laboratoire fran\u00e7ais de traitement de donn\u00e9es sensibles et volumineuses","publisher":{"@id":"https:\/\/dev.databack.fr\/it\/#organization"},"potentialAction":[{"@type":"SearchAction","target":{"@type":"EntryPoint","urlTemplate":"https:\/\/dev.databack.fr\/it\/?s={search_term_string}"},"query-input":{"@type":"PropertyValueSpecification","valueRequired":true,"valueName":"search_term_string"}}],"inLanguage":"it-IT"},{"@type":"Organization","@id":"https:\/\/dev.databack.fr\/it\/#organization","name":"Databack","url":"https:\/\/dev.databack.fr\/it\/","logo":{"@type":"ImageObject","inLanguage":"it-IT","@id":"https:\/\/dev.databack.fr\/it\/#\/schema\/logo\/image\/","url":"https:\/\/dev.databack.fr\/wp-content\/uploads\/2025\/06\/favicon.png","contentUrl":"https:\/\/dev.databack.fr\/wp-content\/uploads\/2025\/06\/favicon.png","width":512,"height":512,"caption":"Databack"},"image":{"@id":"https:\/\/dev.databack.fr\/it\/#\/schema\/logo\/image\/"}},{"@type":"Person","@id":"https:\/\/dev.databack.fr\/it\/#\/schema\/person\/421970d20e3eb0fbbadde807cb372061","name":"DATABACK","sameAs":["https:\/\/www.linkedin.com\/company\/databack-fr\/"]}]}},"authors":[{"term_id":136,"user_id":12,"is_guest":0,"slug":"benoit-jaunet","display_name":"Benoit Jaunet","avatar_url":{"url":"https:\/\/dev.databack.fr\/wp-content\/uploads\/2025\/06\/benoit-databack-scaled.jpg","url2x":"https:\/\/dev.databack.fr\/wp-content\/uploads\/2025\/06\/benoit-databack-scaled.jpg"},"author_category":"1","first_name":"Benoit","last_name":"Jaunet","user_url":"https:\/\/www.linkedin.com\/in\/benoit-jaunet-1604847a\/","job_title":"CHARG\u00c9 D'AFFAIRES","description":"Beno\u00eet Jaunet rejoint <strong>DATABACK<\/strong> en 2010 en tant que charg\u00e9 d\u2019affaires. Interlocuteur privil\u00e9gi\u00e9 des clients particuliers comme professionnels, il joue un r\u00f4le central dans l\u2019\u00e9valuation des situations de perte de donn\u00e9es, l\u2019orientation des demandes vers les \u00e9quipes techniques et le suivi des projets de r\u00e9cup\u00e9ration.\r\n\r\nGr\u00e2ce \u00e0 une connaissance fine des contraintes m\u00e9tiers et des contextes techniques vari\u00e9s, il contribue au quotidien \u00e0 \u00e9tablir une relation de confiance avec les clients et \u00e0 garantir un accompagnement clair, r\u00e9actif et transparent tout au long du processus."},{"term_id":148,"user_id":0,"is_guest":1,"slug":"benoit-jaunet-it","display_name":"Benoit Jaunet","avatar_url":"https:\/\/secure.gravatar.com\/avatar\/?s=96&d=mm&r=g","author_category":"","first_name":"","last_name":"","user_url":"","job_title":"","description":""}],"_links":{"self":[{"href":"https:\/\/dev.databack.fr\/it\/wp-json\/wp\/v2\/posts\/16601","targetHints":{"allow":["GET"]}}],"collection":[{"href":"https:\/\/dev.databack.fr\/it\/wp-json\/wp\/v2\/posts"}],"about":[{"href":"https:\/\/dev.databack.fr\/it\/wp-json\/wp\/v2\/types\/post"}],"author":[{"embeddable":true,"href":"https:\/\/dev.databack.fr\/it\/wp-json\/wp\/v2\/users\/1"}],"replies":[{"embeddable":true,"href":"https:\/\/dev.databack.fr\/it\/wp-json\/wp\/v2\/comments?post=16601"}],"version-history":[{"count":1,"href":"https:\/\/dev.databack.fr\/it\/wp-json\/wp\/v2\/posts\/16601\/revisions"}],"predecessor-version":[{"id":19293,"href":"https:\/\/dev.databack.fr\/it\/wp-json\/wp\/v2\/posts\/16601\/revisions\/19293"}],"wp:featuredmedia":[{"embeddable":true,"href":"https:\/\/dev.databack.fr\/it\/wp-json\/wp\/v2\/media\/14440"}],"wp:attachment":[{"href":"https:\/\/dev.databack.fr\/it\/wp-json\/wp\/v2\/media?parent=16601"}],"wp:term":[{"taxonomy":"category","embeddable":true,"href":"https:\/\/dev.databack.fr\/it\/wp-json\/wp\/v2\/categories?post=16601"},{"taxonomy":"post_tag","embeddable":true,"href":"https:\/\/dev.databack.fr\/it\/wp-json\/wp\/v2\/tags?post=16601"},{"taxonomy":"author","embeddable":true,"href":"https:\/\/dev.databack.fr\/it\/wp-json\/wp\/v2\/ppma_author?post=16601"}],"curies":[{"name":"wp","href":"https:\/\/api.w.org\/{rel}","templated":true}]}}