{"id":16445,"date":"2022-05-24T14:50:51","date_gmt":"2022-05-24T12:50:51","guid":{"rendered":"https:\/\/dev.databack.fr\/senza-categoria\/fic-2022-affrontare-le-sfide-della-cybersecurity\/"},"modified":"2026-02-26T13:44:19","modified_gmt":"2026-02-26T12:44:19","slug":"fic-2022-affrontare-le-sfide-della-cybersecurity","status":"publish","type":"post","link":"https:\/\/dev.databack.fr\/it\/blog\/fic-2022-affrontare-le-sfide-della-cybersecurity\/","title":{"rendered":"FIC 2022: affrontare le sfide della cybersecurity!"},"content":{"rendered":"\n<p class=\"wp-block-paragraph\"><em><em><em><em><em>Ogni anno, la FIC riunisce una serie di professionisti della cybersecurity e del &#8220;trusted digital&#8221; per affrontare una serie di sfide digitali, tra cui la lotta agli attacchi ransomware.<\/em><\/em><\/em><\/em><\/em><\/p>\n\n<figure class=\"wp-block-image size-full\"><img fetchpriority=\"high\" decoding=\"async\" width=\"1024\" height=\"455\" src=\"https:\/\/dev.databack.fr\/wp-content\/uploads\/2022\/05\/FIC_Forum_International_Cybersecurite_Lille_Grand_Palais_Theme_FIC-1024x455-1.jpg\" alt=\"\" class=\"wp-image-9946\" srcset=\"https:\/\/dev.databack.fr\/wp-content\/uploads\/2022\/05\/FIC_Forum_International_Cybersecurite_Lille_Grand_Palais_Theme_FIC-1024x455-1.jpg 1024w, https:\/\/dev.databack.fr\/wp-content\/uploads\/2022\/05\/FIC_Forum_International_Cybersecurite_Lille_Grand_Palais_Theme_FIC-1024x455-1-600x267.jpg 600w, https:\/\/dev.databack.fr\/wp-content\/uploads\/2022\/05\/FIC_Forum_International_Cybersecurite_Lille_Grand_Palais_Theme_FIC-1024x455-1-300x133.jpg 300w, https:\/\/dev.databack.fr\/wp-content\/uploads\/2022\/05\/FIC_Forum_International_Cybersecurite_Lille_Grand_Palais_Theme_FIC-1024x455-1-768x341.jpg 768w\" sizes=\"(max-width: 1024px) 100vw, 1024px\" \/><\/figure>\n\n<h2 class=\"wp-block-heading\">Che cos&#8217;\u00e8 il FIC?<\/h2>\n\n<p class=\"wp-block-paragraph\">Lanciato nel 2007 dalla Gendarmeria Nazionale, l&#8217;International Cybersecurity Forum (noto anche come FIC) \u00e8 il <strong>principale evento europeo<\/strong> che si occupa di <strong>cybersecurity <\/strong>e <strong>fiducia digitale<\/strong>.<\/p>\n\n<p class=\"wp-block-paragraph\">Questo evento, rivolto a tutti i professionisti del digitale (fornitori di servizi, consulenti, forze dell&#8217;ordine, ecc.), riunisce i diversi punti di vista e le esperienze di ciascuno per riflettere sulle <strong>sfide strategiche della sicurezza informatica<\/strong>. L&#8217;obiettivo della FIC \u00e8 duplice: affrontare le sfide operative del digitale e contribuire a realizzare un futuro digitale in linea con i valori e gli interessi europei. <\/p>\n\n<p class=\"wp-block-paragraph\">\u00c8 ora pi\u00f9 che mai necessario integrare la cybersicurezza nelle strategie europee. Ecco perch\u00e9 il tema del 2022 \u00e8 &#8220;Dare forma al futuro digitale dell&#8217;Europa&#8221;. L&#8217;Europa deve essere in grado di rispondere all&#8217;evoluzione delle minacce informatiche mettendo in campo gli strumenti diplomatici necessari per &#8220;persuadere&#8221; i potenziali avversari e affermare i propri interessi e la propria visione di un mondo digitale sostenibile con valori umani condivisi.  <\/p>\n\n<h2 class=\"wp-block-heading\">Databack sar\u00e0 presente al FIC 2022!<\/h2>\n\n<p class=\"wp-block-paragraph\">Per la <sup>14\u00aa<\/sup> edizione del FIC, Databack sar\u00e0 presente <strong>il 7 e 8 giugno 2022 allo stand C16<\/strong> di Lille Grand Palais. Come specialisti del recupero dati da oltre 15 anni, siamo ben consapevoli della continua evoluzione degli attacchi informatici. Per questo \u00e8 fondamentale che l&#8217;intero ecosistema della cybersecurity e del &#8220;digitale affidabile&#8221; si unisca, mobilitando i talenti e le competenze di tutti i soggetti coinvolti. <br\/><br\/>Durante il forum verranno affrontati diversi temi relativi alla sicurezza informatica europea attraverso conferenze, discussioni, dimostrazioni, networking, ecc. Databack prender\u00e0 parte a una delle tavole rotonde<strong> <a href=\"http:\/\/fic.app.swapcard.com\/event\/fic-2022\/planning\/UGxhbm5pbmdfODYyMTcw\" target=\"_blank\" rel=\"noreferrer noopener\">&#8220;Il calvario della bonifica: come evitare l&#8217;effetto bacio freddo&#8221;.<\/a> <\/strong>mercoled\u00ec 8 giugno dalle 15.30 alle 16.30. <\/p>\n\n<p class=\"wp-block-paragraph\">Non esitare a venire a conoscere il team Databack allo stand C16 per discutere insieme delle sfide della sicurezza informatica!<\/p>\n","protected":false},"excerpt":{"rendered":"<p>Ogni anno, la FIC riunisce una serie di professionisti della cybersecurity e del &#8220;trusted digital&#8221; per affrontare una serie di sfide digitali, tra cui la lotta agli attacchi ransomware. Che cos&#8217;\u00e8 il FIC? Lanciato nel 2007 dalla Gendarmeria Nazionale, l&#8217;International Cybersecurity Forum (noto anche come FIC) \u00e8 il principale evento europeo che si occupa di [&hellip;]<\/p>\n","protected":false},"author":1,"featured_media":14479,"comment_status":"closed","ping_status":"closed","sticky":false,"template":"","format":"standard","meta":{"footnotes":""},"categories":[131,75],"tags":[],"ppma_author":[136],"class_list":["post-16445","post","type-post","status-publish","format-standard","has-post-thumbnail","hentry","category-blog","category-incidenti-di-ransomware","author-benoit-jaunet"],"yoast_head":"<!-- This site is optimized with the Yoast SEO plugin v28.1 - https:\/\/yoast.com\/product\/yoast-seo-wordpress\/ -->\n<title>FIC 2022: sfide della cybersicurezza<\/title>\n<meta name=\"description\" content=\"Per la 14\u00aa edizione del FIC, Databack sar\u00e0 presente il 7 e l&#039;8 giugno 2022 allo stand C16 del Grand Palais di Lille.\" \/>\n<meta name=\"robots\" content=\"index, follow, max-snippet:-1, max-image-preview:large, max-video-preview:-1\" \/>\n<link rel=\"canonical\" href=\"https:\/\/dev.databack.fr\/it\/blog\/fic-2022-affrontare-le-sfide-della-cybersecurity\/\" \/>\n<meta property=\"og:locale\" content=\"it_IT\" \/>\n<meta property=\"og:type\" content=\"article\" \/>\n<meta property=\"og:title\" content=\"FIC 2022: sfide della cybersicurezza\" \/>\n<meta property=\"og:description\" content=\"Per la 14\u00aa edizione del FIC, Databack sar\u00e0 presente il 7 e l&#039;8 giugno 2022 allo stand C16 del Grand Palais di Lille.\" \/>\n<meta property=\"og:url\" content=\"https:\/\/dev.databack.fr\/it\/blog\/fic-2022-affrontare-le-sfide-della-cybersecurity\/\" \/>\n<meta property=\"og:site_name\" content=\"Databack\" \/>\n<meta property=\"article:published_time\" content=\"2022-05-24T12:50:51+00:00\" \/>\n<meta property=\"article:modified_time\" content=\"2026-02-26T12:44:19+00:00\" \/>\n<meta property=\"og:image\" content=\"https:\/\/dev.databack.fr\/wp-content\/uploads\/2022\/05\/fic-2022-databack.jpeg\" \/>\n\t<meta property=\"og:image:width\" content=\"510\" \/>\n\t<meta property=\"og:image:height\" content=\"340\" \/>\n\t<meta property=\"og:image:type\" content=\"image\/jpeg\" \/>\n<meta name=\"author\" content=\"Benoit Jaunet\" \/>\n<meta name=\"twitter:card\" content=\"summary_large_image\" \/>\n<meta name=\"twitter:label1\" content=\"Scritto da\" \/>\n\t<meta name=\"twitter:data1\" content=\"DATABACK\" \/>\n\t<meta name=\"twitter:label2\" content=\"Tempo di lettura stimato\" \/>\n\t<meta name=\"twitter:data2\" content=\"3 minuto\" \/>\n<!-- \/ Yoast SEO plugin. -->","yoast_head_json":{"title":"FIC 2022: sfide della cybersicurezza","description":"Per la 14\u00aa edizione del FIC, Databack sar\u00e0 presente il 7 e l'8 giugno 2022 allo stand C16 del Grand Palais di Lille.","robots":{"index":"index","follow":"follow","max-snippet":"max-snippet:-1","max-image-preview":"max-image-preview:large","max-video-preview":"max-video-preview:-1"},"canonical":"https:\/\/dev.databack.fr\/it\/blog\/fic-2022-affrontare-le-sfide-della-cybersecurity\/","og_locale":"it_IT","og_type":"article","og_title":"FIC 2022: sfide della cybersicurezza","og_description":"Per la 14\u00aa edizione del FIC, Databack sar\u00e0 presente il 7 e l'8 giugno 2022 allo stand C16 del Grand Palais di Lille.","og_url":"https:\/\/dev.databack.fr\/it\/blog\/fic-2022-affrontare-le-sfide-della-cybersecurity\/","og_site_name":"Databack","article_published_time":"2022-05-24T12:50:51+00:00","article_modified_time":"2026-02-26T12:44:19+00:00","og_image":[{"width":510,"height":340,"url":"https:\/\/dev.databack.fr\/wp-content\/uploads\/2022\/05\/fic-2022-databack.jpeg","type":"image\/jpeg"}],"author":"Benoit Jaunet","twitter_card":"summary_large_image","twitter_misc":{"Scritto da":"DATABACK","Tempo di lettura stimato":"3 minuto"},"schema":{"@context":"https:\/\/schema.org","@graph":[{"@type":"Article","@id":"https:\/\/dev.databack.fr\/it\/blog\/fic-2022-affrontare-le-sfide-della-cybersecurity\/#article","isPartOf":{"@id":"https:\/\/dev.databack.fr\/it\/blog\/fic-2022-affrontare-le-sfide-della-cybersecurity\/"},"author":{"name":"DATABACK","@id":"https:\/\/dev.databack.fr\/it\/#\/schema\/person\/421970d20e3eb0fbbadde807cb372061"},"headline":"FIC 2022: affrontare le sfide della cybersecurity!","datePublished":"2022-05-24T12:50:51+00:00","dateModified":"2026-02-26T12:44:19+00:00","mainEntityOfPage":{"@id":"https:\/\/dev.databack.fr\/it\/blog\/fic-2022-affrontare-le-sfide-della-cybersecurity\/"},"wordCount":319,"publisher":{"@id":"https:\/\/dev.databack.fr\/it\/#organization"},"image":{"@id":"https:\/\/dev.databack.fr\/it\/blog\/fic-2022-affrontare-le-sfide-della-cybersecurity\/#primaryimage"},"thumbnailUrl":"https:\/\/dev.databack.fr\/wp-content\/uploads\/2022\/05\/fic-2022-databack.jpeg","articleSection":["BLOG","Incidenti di ransomware"],"inLanguage":"it-IT"},{"@type":"WebPage","@id":"https:\/\/dev.databack.fr\/it\/blog\/fic-2022-affrontare-le-sfide-della-cybersecurity\/","url":"https:\/\/dev.databack.fr\/it\/blog\/fic-2022-affrontare-le-sfide-della-cybersecurity\/","name":"FIC 2022: sfide della cybersicurezza","isPartOf":{"@id":"https:\/\/dev.databack.fr\/it\/#website"},"primaryImageOfPage":{"@id":"https:\/\/dev.databack.fr\/it\/blog\/fic-2022-affrontare-le-sfide-della-cybersecurity\/#primaryimage"},"image":{"@id":"https:\/\/dev.databack.fr\/it\/blog\/fic-2022-affrontare-le-sfide-della-cybersecurity\/#primaryimage"},"thumbnailUrl":"https:\/\/dev.databack.fr\/wp-content\/uploads\/2022\/05\/fic-2022-databack.jpeg","datePublished":"2022-05-24T12:50:51+00:00","dateModified":"2026-02-26T12:44:19+00:00","description":"Per la 14\u00aa edizione del FIC, Databack sar\u00e0 presente il 7 e l'8 giugno 2022 allo stand C16 del Grand Palais di Lille.","breadcrumb":{"@id":"https:\/\/dev.databack.fr\/it\/blog\/fic-2022-affrontare-le-sfide-della-cybersecurity\/#breadcrumb"},"inLanguage":"it-IT","potentialAction":[{"@type":"ReadAction","target":["https:\/\/dev.databack.fr\/it\/blog\/fic-2022-affrontare-le-sfide-della-cybersecurity\/"]}]},{"@type":"ImageObject","inLanguage":"it-IT","@id":"https:\/\/dev.databack.fr\/it\/blog\/fic-2022-affrontare-le-sfide-della-cybersecurity\/#primaryimage","url":"https:\/\/dev.databack.fr\/wp-content\/uploads\/2022\/05\/fic-2022-databack.jpeg","contentUrl":"https:\/\/dev.databack.fr\/wp-content\/uploads\/2022\/05\/fic-2022-databack.jpeg","width":510,"height":340},{"@type":"BreadcrumbList","@id":"https:\/\/dev.databack.fr\/it\/blog\/fic-2022-affrontare-le-sfide-della-cybersecurity\/#breadcrumb","itemListElement":[{"@type":"ListItem","position":1,"name":"R\u00e9cup\u00e9ration de donn\u00e9es","item":"https:\/\/dev.databack.fr\/it\/"},{"@type":"ListItem","position":2,"name":"FIC 2022: affrontare le sfide della cybersecurity!"}]},{"@type":"WebSite","@id":"https:\/\/dev.databack.fr\/it\/#website","url":"https:\/\/dev.databack.fr\/it\/","name":"Databack","description":"Laboratoire fran\u00e7ais de traitement de donn\u00e9es sensibles et volumineuses","publisher":{"@id":"https:\/\/dev.databack.fr\/it\/#organization"},"potentialAction":[{"@type":"SearchAction","target":{"@type":"EntryPoint","urlTemplate":"https:\/\/dev.databack.fr\/it\/?s={search_term_string}"},"query-input":{"@type":"PropertyValueSpecification","valueRequired":true,"valueName":"search_term_string"}}],"inLanguage":"it-IT"},{"@type":"Organization","@id":"https:\/\/dev.databack.fr\/it\/#organization","name":"Databack","url":"https:\/\/dev.databack.fr\/it\/","logo":{"@type":"ImageObject","inLanguage":"it-IT","@id":"https:\/\/dev.databack.fr\/it\/#\/schema\/logo\/image\/","url":"https:\/\/dev.databack.fr\/wp-content\/uploads\/2025\/06\/favicon.png","contentUrl":"https:\/\/dev.databack.fr\/wp-content\/uploads\/2025\/06\/favicon.png","width":512,"height":512,"caption":"Databack"},"image":{"@id":"https:\/\/dev.databack.fr\/it\/#\/schema\/logo\/image\/"}},{"@type":"Person","@id":"https:\/\/dev.databack.fr\/it\/#\/schema\/person\/421970d20e3eb0fbbadde807cb372061","name":"DATABACK","sameAs":["https:\/\/www.linkedin.com\/company\/databack-fr\/"]}]}},"authors":[{"term_id":136,"user_id":12,"is_guest":0,"slug":"benoit-jaunet","display_name":"Benoit Jaunet","avatar_url":{"url":"https:\/\/dev.databack.fr\/wp-content\/uploads\/2025\/06\/benoit-databack-scaled.jpg","url2x":"https:\/\/dev.databack.fr\/wp-content\/uploads\/2025\/06\/benoit-databack-scaled.jpg"},"author_category":"1","first_name":"Benoit","last_name":"Jaunet","user_url":"https:\/\/www.linkedin.com\/in\/benoit-jaunet-1604847a\/","job_title":"CHARG\u00c9 D'AFFAIRES","description":"Beno\u00eet Jaunet rejoint <strong>DATABACK<\/strong> en 2010 en tant que charg\u00e9 d\u2019affaires. Interlocuteur privil\u00e9gi\u00e9 des clients particuliers comme professionnels, il joue un r\u00f4le central dans l\u2019\u00e9valuation des situations de perte de donn\u00e9es, l\u2019orientation des demandes vers les \u00e9quipes techniques et le suivi des projets de r\u00e9cup\u00e9ration.\r\n\r\nGr\u00e2ce \u00e0 une connaissance fine des contraintes m\u00e9tiers et des contextes techniques vari\u00e9s, il contribue au quotidien \u00e0 \u00e9tablir une relation de confiance avec les clients et \u00e0 garantir un accompagnement clair, r\u00e9actif et transparent tout au long du processus."}],"_links":{"self":[{"href":"https:\/\/dev.databack.fr\/it\/wp-json\/wp\/v2\/posts\/16445","targetHints":{"allow":["GET"]}}],"collection":[{"href":"https:\/\/dev.databack.fr\/it\/wp-json\/wp\/v2\/posts"}],"about":[{"href":"https:\/\/dev.databack.fr\/it\/wp-json\/wp\/v2\/types\/post"}],"author":[{"embeddable":true,"href":"https:\/\/dev.databack.fr\/it\/wp-json\/wp\/v2\/users\/1"}],"replies":[{"embeddable":true,"href":"https:\/\/dev.databack.fr\/it\/wp-json\/wp\/v2\/comments?post=16445"}],"version-history":[{"count":1,"href":"https:\/\/dev.databack.fr\/it\/wp-json\/wp\/v2\/posts\/16445\/revisions"}],"predecessor-version":[{"id":19292,"href":"https:\/\/dev.databack.fr\/it\/wp-json\/wp\/v2\/posts\/16445\/revisions\/19292"}],"wp:featuredmedia":[{"embeddable":true,"href":"https:\/\/dev.databack.fr\/it\/wp-json\/wp\/v2\/media\/14479"}],"wp:attachment":[{"href":"https:\/\/dev.databack.fr\/it\/wp-json\/wp\/v2\/media?parent=16445"}],"wp:term":[{"taxonomy":"category","embeddable":true,"href":"https:\/\/dev.databack.fr\/it\/wp-json\/wp\/v2\/categories?post=16445"},{"taxonomy":"post_tag","embeddable":true,"href":"https:\/\/dev.databack.fr\/it\/wp-json\/wp\/v2\/tags?post=16445"},{"taxonomy":"author","embeddable":true,"href":"https:\/\/dev.databack.fr\/it\/wp-json\/wp\/v2\/ppma_author?post=16445"}],"curies":[{"name":"wp","href":"https:\/\/api.w.org\/{rel}","templated":true}]}}