{"id":18570,"date":"2025-12-22T17:27:57","date_gmt":"2025-12-22T16:27:57","guid":{"rendered":"https:\/\/dev.databack.fr\/nicht-kategorisiert\/ddos-cyberattacke-gegen-la-poste-und-la-banque-postale-den-vorfall-vom-22-dezember-2025-verstehen\/"},"modified":"2026-03-30T14:14:07","modified_gmt":"2026-03-30T12:14:07","slug":"ddos-cyberattacke-gegen-la-poste-und-la-banque-postale-den-vorfall-vom-22-dezember-2025-verstehen","status":"publish","type":"post","link":"https:\/\/dev.databack.fr\/de\/blog\/ddos-cyberattacke-gegen-la-poste-und-la-banque-postale-den-vorfall-vom-22-dezember-2025-verstehen\/","title":{"rendered":"DDoS-Cyberattacke gegen La Poste und La Banque Postale: Den Vorfall vom 22. Dezember 2025 verstehen"},"content":{"rendered":"\n<p class=\"wp-block-paragraph\">Am <strong>Montagmorgen, dem 22. Dezember 2025<\/strong>, f\u00fchrte ein<strong>DDoS-Angriff zu erheblichen St\u00f6rungen bei der Gruppe La Poste und La Banque Postale<\/strong>. Nach den \u00f6ffentlich bekannt gewordenen Informationen wurde die Verbindung zwischen einem Rechenzentrum und dem Internet ins Visier genommen, wodurch zahlreiche Online-Dienste ab etwa 6.30 Uhr, nur 48 Stunden vor Heiligabend, nicht mehr erreichbar waren. Gleichzeitig berichteten andere Institute wie die Caisse d&#8217;\u00c9pargne und die Banque Populaire von einer Verlangsamung und einer &#8222;Funktionsst\u00f6rung&#8220; ihrer Dienste.  <\/p>\n\n<p class=\"wp-block-paragraph\">Dieser Artikel geht strukturiert darauf ein, was \u00fcber den Vorfall bekannt ist, wie ein DDoS-Angriff funktioniert und welche Lehren f\u00fcr die Aufrechterhaltung des Dienstbetriebs und die digitale Sicherheit gezogen werden k\u00f6nnen.<\/p>\n\n<div style=\"height:30px\" aria-hidden=\"true\" class=\"wp-block-spacer\"><\/div>\n\n<h2 class=\"wp-block-heading\"><strong>Das Wichtigste, was Sie sich merken sollten<\/strong><\/h2>\n\n<div style=\"height:30px\" aria-hidden=\"true\" class=\"wp-block-spacer\"><\/div>\n\n<ul class=\"wp-block-list\">\n<li>Am Morgen des 22. Dezember 2025 <strong>traf<\/strong> ein <strong>Cyberangriff vom Typ DDoS (Distributed Denial of Service Attack) La Poste und La Banque Postale<\/strong>.<\/li>\n\n\n\n<li>Der Angriff soll auf die Verbindung zwischen einem Rechenzentrum des Konzerns und dem Internet gezielt haben, wodurch sehr viele Online-Dienste gest\u00f6rt wurden.<\/li>\n\n\n\n<li><strong>Betroffen waren insbesondere<\/strong>: Zugang zu den Konten von La Banque Postale, Colissimo-Dienste (Frankierung, Etikettierung, automatische Zustellung) sowie der digitale Tresor Digiposte.<\/li>\n\n\n\n<li><strong>Zahlungen (Kartenzahlungen, \u00dcberweisungen usw.)<\/strong> wurden als nicht betroffen dargestellt, da sie \u00fcber einen separaten technischen Fluss laufen, der von dem anvisierten Rechenzentrum getrennt ist.<\/li>\n\n\n\n<li>Angesichts des Ausma\u00dfes der Blockade <strong>genehmigte<\/strong> die <strong>Konzernleitung die Schlie\u00dfung einiger Post\u00e4mter<\/strong>, w\u00e4hrend einige Paketzustellungen noch manuell, &#8222;auf altmodische Weise&#8220;, durchgef\u00fchrt werden konnten.<\/li>\n\n\n\n<li>Die Situation folgte auf eine <strong>erste Nichtverf\u00fcgbarkeit am Samstag, den 20. Dezember<\/strong>, die bereits auf einen DDoS-Angriff zur\u00fcckgef\u00fchrt wurde.<\/li>\n\n\n\n<li><strong>Zwei<\/strong> <strong>weitere franz\u00f6sische Banken,Caisse d&#8217;Epargne und Banque Populaire<\/strong>, hatten zur gleichen Zeit mit Verlangsamungen zu k\u00e4mpfen, die sie auf eine Fehlfunktion zur\u00fcckf\u00fchrten, ohne einen Cyberangriff zu best\u00e4tigen.<\/li>\n\n\n\n<li>Der Vorfall wirft Fragen \u00fcber das Ausma\u00df des Angriffs, die Wirksamkeit der Abwehrma\u00dfnahmen und die m\u00f6gliche Beteiligung organisierter Akteure auf, ohne dass es bislang \u00f6ffentliche Erkenntnisse gibt, die eine Entscheidung erm\u00f6glichen.<\/li>\n<\/ul>\n\n<div style=\"height:30px\" aria-hidden=\"true\" class=\"wp-block-spacer\"><\/div>\n<div class=\"wp-block-image\">\n<figure class=\"aligncenter size-full\"><img fetchpriority=\"high\" decoding=\"async\" width=\"600\" height=\"400\" src=\"https:\/\/dev.databack.fr\/wp-content\/uploads\/2025\/12\/la-poste-cyberattaque.png\" alt=\"cyberattacke la poste postbank\" class=\"wp-image-18563\" srcset=\"https:\/\/dev.databack.fr\/wp-content\/uploads\/2025\/12\/la-poste-cyberattaque.png 600w, https:\/\/dev.databack.fr\/wp-content\/uploads\/2025\/12\/la-poste-cyberattaque-300x200.png 300w\" sizes=\"(max-width: 600px) 100vw, 600px\" \/><\/figure>\n<\/div>\n<h2 class=\"wp-block-heading\"><strong>Chronologie: Von den ersten St\u00f6rungen am 20. Dezember bis zum gro\u00dfen Zwischenfall am 22. Dezember<\/strong><\/h2>\n\n<div style=\"height:30px\" aria-hidden=\"true\" class=\"wp-block-spacer\"><\/div>\n\n<h3 class=\"wp-block-heading\"><strong>Samstag, 20. Dezember: eine erste Warnung<\/strong><\/h3>\n\n<div style=\"height:30px\" aria-hidden=\"true\" class=\"wp-block-spacer\"><\/div>\n\n<p class=\"wp-block-paragraph\">Den ver\u00f6ffentlichten Elementen zufolge traten die ersten Anzeichen einer Anf\u00e4lligkeit bereits am Samstag, den 20. Dezember 2025, auf. Die <strong>Dienste von La Poste und La Banque Postale waren daraufhin<\/strong> mehrere Stunden lang <strong>nicht verf\u00fcgbar<\/strong>. Die verf\u00fcgbaren technischen Informationen deuteten darauf hin, dass es sich bereits um einen DDoS-Angriff handelte, bevor im Laufe des Tages allm\u00e4hlich wieder Normalit\u00e4t einkehrte.  <\/p>\n\n<p class=\"wp-block-paragraph\">Im Nachhinein betrachtet erscheint diese Episode wie ein Warnsignal: Die Angreifer schienen bereits die Widerstandsf\u00e4higkeit der Infrastruktur der Gruppe zu testen, bevor sie zwei Tage sp\u00e4ter umso h\u00e4rter zuschlugen.<\/p>\n\n<div style=\"height:30px\" aria-hidden=\"true\" class=\"wp-block-spacer\"><\/div>\n\n<h3 class=\"wp-block-heading\"><strong>Montagmorgen, 22. Dezember: Massenblockade 48 Stunden vor Weihnachten<\/strong><\/h3>\n\n<div style=\"height:30px\" aria-hidden=\"true\" class=\"wp-block-spacer\"><\/div>\n\n<p class=\"wp-block-paragraph\">Am Montagmorgen, dem 22. Dezember 2025, verschlechtert sich die Situation deutlich. Ab etwa 6.30 Uhr ist der Zugang zu zahlreichen Dienstleistungen der Gruppe La Poste gest\u00f6rt oder unm\u00f6glich : <\/p>\n\n<ul class=\"wp-block-list\">\n<li>Unm\u00f6glichkeit f\u00fcr viele Kunden, sich in ihre La Banque Postale-Konten einzuloggen ;<\/li>\n\n\n\n<li>Pannen, die die Colissimo-Dienste betreffen, insbesondere das Frankieren, das Etikettieren und einen Teil der automatischen Paketzustellung ;<\/li>\n\n\n\n<li>gemeldete Nichtverf\u00fcgbarkeit des digitalen Tresors Digiposte;<\/li>\n\n\n\n<li>im weiteren Sinne, Schwierigkeiten beim Zugang zu den verschiedenen Online-Diensten von La Poste.<\/li>\n<\/ul>\n\n<p class=\"wp-block-paragraph\">Der Vorfall ereignete sich zu einem besonders sensiblen Zeitpunkt: auf der Zielgeraden vor Weihnachten, wenn viele Privatpersonen sich auf La Poste und Colissimo verlassen, um ihre Geschenke zu versenden oder zu empfangen. Die Kombination aus saisonaler Hochkonjunktur und dem Angriff verst\u00e4rkt mechanisch die von den Nutzern empfundenen Auswirkungen. <\/p>\n\n<div style=\"height:30px\" aria-hidden=\"true\" class=\"wp-block-spacer\"><\/div>\n\n<h2 class=\"wp-block-heading\"><strong>Betroffene Dienste und erhaltene Dienste<\/strong><\/h2>\n\n<div style=\"height:30px\" aria-hidden=\"true\" class=\"wp-block-spacer\"><\/div>\n\n<p class=\"wp-block-paragraph\">Im Laufe der Stunden hat sich aus den technischen Informationen und den Nutzerberichten ein relativ koh\u00e4rentes Bild ergeben. Hier eine <strong>Zusammenfassung, basierend auf den am 22. Dezember 2025 verf\u00fcgbaren Elementen<\/strong>: <\/p>\n\n<figure class=\"wp-block-table\"><table class=\"has-fixed-layout\"><tbody><tr><td><strong>Art des Dienstes<\/strong><\/td><td><strong>Stand am 22. Dezember (nach den verf\u00fcgbaren Informationen)<\/strong><\/td><\/tr><tr><td>Zugang zu den Online-Konten von La Banque Postale<\/td><td>Stark beeintr\u00e4chtigt oder f\u00fcr viele Klientinnen und Klienten unm\u00f6glich.<\/td><\/tr><tr><td>Webdienste von La Poste (Website, Kundenbereiche&#8230;)<\/td><td>Stark beeintr\u00e4chtigt, mit zahlreichen gemeldeten Nichtverf\u00fcgbarkeiten.<\/td><\/tr><tr><td>Colissimo (Porto, Etikettierung, Nachverfolgung)<\/td><td>Frankierung und Etikettierung weitgehend blockiert; St\u00f6rungen bei den automatisierten Zustellketten.<\/td><\/tr><tr><td>Lieferung von Paketen<\/td><td>In manchen F\u00e4llen manuell m\u00f6glich, ohne elektronisches Terminal, aber mit beeintr\u00e4chtigter Funktion.<\/td><\/tr><tr><td>Digiposte (digitaler Tresor)<\/td><td>Dienst, der als nicht verf\u00fcgbar oder schwer zug\u00e4nglich gemeldet wurde.<\/td><\/tr><tr><td>Physische Post\u00e4mter<\/td><td>Betrieb verschlechtert; angesichts der Schwierigkeiten Genehmigung erteilt, einige B\u00fcros zu schlie\u00dfen.<\/td><\/tr><tr><td>Zahlungen (Karten, \u00dcberweisungen&#8230;) im Zusammenhang mit der Gruppe<\/td><td>Als nicht betroffen dargestellt, da sie einen separaten Datenstrom nutzen, der nicht durch das anvisierte Rechenzentrum f\u00fchrt.<\/td><\/tr><tr><td>Caisse d&#8217;Epargne und Banque Populaire (Sparkasse und Volksbank)<\/td><td>Verlangsamungen und Fehlfunktionen gemeldet; die Schulen sprechen von einem Vorfall, ohne einen DDoS-Cyberangriff zu best\u00e4tigen.<\/td><\/tr><\/tbody><\/table><\/figure>\n\n<p class=\"wp-block-paragraph\">Diese Tabelle verdeutlicht den systemischen Charakter des betroffenen Knotenpunkts: Indem der Angriff auf einen Netzwerkknoten zielte, hatte er eine Querschnittswirkung auf viele Online-Dienste des Konzerns.<\/p>\n\n<div style=\"height:30px\" aria-hidden=\"true\" class=\"wp-block-spacer\"><\/div>\n\n<h2 class=\"wp-block-heading\"><strong>Wie La Poste und La Banque Postale reagierten<\/strong><\/h2>\n\n<div style=\"height:30px\" aria-hidden=\"true\" class=\"wp-block-spacer\"><\/div>\n\n<p class=\"wp-block-paragraph\">Angesichts des Ernstes der Lage wurde \u00fcber mehrere operative Ma\u00dfnahmen berichtet:<\/p>\n\n<ul class=\"wp-block-list\">\n<li>die <strong>Leitung der Gruppe La Poste<\/strong> ihre Zustimmung zur Schlie\u00dfung bestimmter Post\u00e4mter gegeben hat, wenn das Ausma\u00df der St\u00f6rungen einen normalen Empfang nicht mehr zulie\u00df ;<\/li>\n\n\n\n<li>Es wurde jedoch darauf hingewiesen, dass Paketzustellungen immer noch manuell, d. h. <strong>ohne die<\/strong> \u00fcblichen <strong>elektronischen Terminals<\/strong>, durchgef\u00fchrt werden k\u00f6nnen, um Verz\u00f6gerungen so weit wie m\u00f6glich zu begrenzen;<\/li>\n\n\n\n<li>In den Mitteilungen wurde betont, dass die Zahlungsstr\u00f6me von dem betroffenen Rechenzentrum isoliert waren, wodurch die Kontinuit\u00e4t der Transaktionen (Kartenzahlungen, \u00dcberweisungen &#8230;) trotz der Ausf\u00e4lle auf der Seite der Online-Dienste erhalten blieb.<\/li>\n<\/ul>\n\n<p class=\"wp-block-paragraph\">Dies verdeutlicht, dass die Organisation bereits teilweise segmentiert ist: Kritische Zahlungsstr\u00f6me folgen offensichtlich einem anderen technischen Pfad als Webdienste, was die unmittelbaren Auswirkungen auf die Zahlungskette im Falle eines Problems in einem Rechenzentrum begrenzt.<\/p>\n\n<div style=\"height:30px\" aria-hidden=\"true\" class=\"wp-block-spacer\"><\/div>\n\n<h2 class=\"wp-block-heading\"><strong>Ein &#8222;nur&#8220; DDoS-Vorfall? Was man daraus schlie\u00dfen kann (und was man nicht wei\u00df) <\/strong><\/h2>\n\n<div style=\"height:30px\" aria-hidden=\"true\" class=\"wp-block-spacer\"><\/div>\n\n<p class=\"wp-block-paragraph\">Im Austausch zwischen Internetnutzern und Kommentatoren taucht eine Frage h\u00e4ufig auf: Wenn der Vorfall tats\u00e4chlich &#8222;nur&#8220; mit einem DDoS zusammenh\u00e4ngt, ist das dann wirklich so schlimm? Und ist diese Erkl\u00e4rung ausreichend, um das Geschehen zu beschreiben? <\/p>\n\n<div style=\"height:30px\" aria-hidden=\"true\" class=\"wp-block-spacer\"><\/div>\n\n<h3 class=\"wp-block-heading\"><strong>Die eher beruhigenden Elemente<\/strong><\/h3>\n\n<div style=\"height:30px\" aria-hidden=\"true\" class=\"wp-block-spacer\"><\/div>\n\n<p class=\"wp-block-paragraph\">Auf der Grundlage der Informationen, die zum Zeitpunkt der Ereignisse \u00f6ffentlich bekannt wurden, k\u00f6nnen mehrere Punkte als relativ beruhigend angesehen werden:<\/p>\n\n<ul class=\"wp-block-list\">\n<li>In den <strong>Mitteilungen wird von einem DDoS-Angriff<\/strong> auf die Netzwerkverbindung gesprochen, aber es gibt keine Hinweise auf ein Eindringen in interne Systeme oder einen Datendiebstahl;<\/li>\n\n\n\n<li>die Tatsache, dass Zahlungen \u00fcber einen separaten Stream aufrechterhalten werden konnten, deutet auf eine Architektur hin, bei der einige kritische Bausteine von den Online-Diensten f\u00fcr die breite \u00d6ffentlichkeit getrennt sind ;<\/li>\n\n\n\n<li><strong>Interne Bankgesch\u00e4fte<\/strong>(Clearing, Interbanken\u00fcberweisungen usw.) k\u00f6nnen in vielen F\u00e4llen auf andere Kan\u00e4le als die von den Kunden aufgerufenen Web- oder Mobilschnittstellen angewiesen sein.<\/li>\n<\/ul>\n\n<p class=\"wp-block-paragraph\">Es ist wichtig, darauf hinzuweisen, dass das Fehlen einer \u00f6ffentlichen Erw\u00e4hnung nicht bedeutet, dass es keinen internen technischen Vorfall gab, sondern lediglich, dass zum Zeitpunkt, als der Vorfall kommentiert wurde, kein Datenleck oder keine Kompromittierung als Tatsache dargestellt wurde.<\/p>\n\n<div style=\"height:30px\" aria-hidden=\"true\" class=\"wp-block-spacer\"><\/div>\n\n<h3 class=\"wp-block-heading\"><strong>Legitime Fragen, die offen bleiben<\/strong><\/h3>\n\n<div style=\"height:30px\" aria-hidden=\"true\" class=\"wp-block-spacer\"><\/div>\n\n<p class=\"wp-block-paragraph\">Umgekehrt bleiben mehrere Grauzonen bestehen, die legitime Fragen aufwerfen:<\/p>\n\n<ul class=\"wp-block-list\">\n<li>Ein gro\u00dfer DDoS-Angriff wird in der Regel von gro\u00dfen Gruppen erwartet, die in der Regel \u00fcber L\u00f6sungen zur Schadensbegrenzung verf\u00fcgen (spezialisierte Anbieter, Filter, Redundanz&#8230;), sodass das Ausma\u00df der St\u00f6rungen Fragen \u00fcber die St\u00e4rke des Angriffs oder die genaue Konfiguration der vorhandenen Schutzma\u00dfnahmen aufwirft;<\/li>\n\n\n\n<li>die Tatsache, dass <strong>\u00e4hnliche St\u00f6rungen am 20. Dezember und dann erneut am 22. Dezember beobachtet wurden<\/strong>, wirft Fragen nach einer gezielten Kampagne statt eines isolierten Vorfalls auf ;<\/li>\n\n\n\n<li>einige Beobachter fragen sich, ob es sich um einen komplexeren Angriff als nur DDoS oder um eine Kombination aus <strong>Cyberangriff<\/strong> und technischem Versagen handeln k\u00f6nnte, auch wenn es keine \u00f6ffentlichen Hinweise darauf gibt;<\/li>\n\n\n\n<li>Wie bei vielen Vorf\u00e4llen dieser Art wird vor dem Hintergrund geopolitischer Spannungen die Frage nach einer m\u00f6glichen Beteiligung organisierter oder sogar von Staaten unterst\u00fctzter Akteure aufgeworfen, doch handelt es sich dabei bislang nur um Spekulationen, die nicht \u00f6ffentlich untermauert werden.<\/li>\n<\/ul>\n\n<p class=\"wp-block-paragraph\"><strong>Zusammenfassend<\/strong> l\u00e4sst sich sagen, dass die Haupthypothese nach wie vor ein massiver und wiederholter DDoS-Angriff ist, aber das Ausma\u00df der Blockade und ihr Kontext laden zu einer eingehenden Untersuchung der Resilienzmechanismen und m\u00f6glicher Szenarien ein.<\/p>\n\n<div style=\"height:30px\" aria-hidden=\"true\" class=\"wp-block-spacer\"><\/div>\n\n<h2 class=\"wp-block-heading\"><strong>Welche Folgen hat das f\u00fcr die Klienten?<\/strong><\/h2>\n\n<div style=\"height:30px\" aria-hidden=\"true\" class=\"wp-block-spacer\"><\/div>\n\n<p class=\"wp-block-paragraph\">Die konkreten Auswirkungen eines solchen Vorfalls bestehen f\u00fcr Privatpersonen und Unternehmen vor allem darin, dass der Zugang zu Diensten, die f\u00fcr den Alltag unerl\u00e4sslich geworden sind, pl\u00f6tzlich unterbrochen wird.<\/p>\n\n<ul class=\"wp-block-list\">\n<li><strong>Kunden von La Banque Postale<\/strong>: Manchmal war es mehrere Stunden lang nicht m\u00f6glich, sich in den Kundenbereich einzuloggen, um seine Konten einzusehen, eine \u00dcberweisung zu t\u00e4tigen oder seine laufenden Gesch\u00e4fte zu verwalten.<\/li>\n\n\n\n<li><strong>Nutzer von La Poste<\/strong>: Schwierigkeiten beim Frankieren von Briefen oder Paketen \u00fcber Online-Dienste und bestimmte Terminals, Unm\u00f6glichkeit, Colissimo-Etiketten zu erstellen, gest\u00f6rte Paketverfolgung.<\/li>\n\n\n\n<li><strong>Digiposte-Benutzer<\/strong>: Vor\u00fcbergehende Nichtverf\u00fcgbarkeit ihres digitalen Safes und Frustration, weil sie nicht auf bestimmte online gespeicherte Dokumente zugreifen k\u00f6nnen.<\/li>\n\n\n\n<li><strong>Unternehmen, E-Commerce-H\u00e4ndler und Freiberufler<\/strong>: Risiko zus\u00e4tzlicher logistischer Verz\u00f6gerungen in der Vorweihnachtszeit, komplexere Verwaltung der Kundensendungen und der Gesch\u00e4ftsbeziehungen.<\/li>\n<\/ul>\n\n<div style=\"height:30px\" aria-hidden=\"true\" class=\"wp-block-spacer\"><\/div>\n\n<p class=\"wp-block-paragraph\">Au\u00dferdem kann die<strong>Wiederholung der Vorf\u00e4lle<\/strong> (20. und 22. Dezember) bei den Kunden ein Gef\u00fchl der Unsicherheit hervorrufen, da sie sich fragen, ob die Infrastruktur in der Lage ist, derartige Schocks in Zukunft zu verkraften.<\/p>\n\n<div style=\"height:30px\" aria-hidden=\"true\" class=\"wp-block-spacer\"><\/div>\n\n<h3 class=\"wp-block-heading\"><strong>Spezifische Auswirkungen auf Bankgesch\u00e4fte<\/strong><\/h3>\n\n<div style=\"height:30px\" aria-hidden=\"true\" class=\"wp-block-spacer\"><\/div>\n\n<p class=\"wp-block-paragraph\">Ein wichtiger Punkt ist, dass die Zahlungen selbst (Kartenzahlungen, \u00dcberweisungen usw.) als normal funktionierend beschrieben wurden, da sie \u00fcber einen separaten Datenstrom vom angegriffenen Rechenzentrum weitergeleitet wurden.<\/p>\n\n<div style=\"height:30px\" aria-hidden=\"true\" class=\"wp-block-spacer\"><\/div>\n\n<p class=\"wp-block-paragraph\">Das bedeutet konkret, dass :<\/p>\n\n<ul class=\"wp-block-list\">\n<li>bereits eingeleitete Transaktionen in Gesch\u00e4ften oder online konnten weiter ausgef\u00fchrt werden, auch wenn die Kunden sich nicht in ihre Web- oder Mobilschnittstelle einloggen konnten ;<\/li>\n\n\n\n<li>Es war jedoch schwieriger oder sogar unm\u00f6glich, neue Transaktionen (\u00dcberweisungen, Hinzuf\u00fcgen eines Beg\u00fcnstigten usw.) \u00fcber den Kundenbereich vorzubereiten, solange der Zugang \u00fcberlastet war.<\/li>\n<\/ul>\n\n<div style=\"height:30px\" aria-hidden=\"true\" class=\"wp-block-spacer\"><\/div>\n\n<p class=\"wp-block-paragraph\">F\u00fcr die Nutzer bestand die Hauptbeeintr\u00e4chtigung also eher darin, dass sie nicht in der Lage waren, mit ihren Konten in Echtzeit zu interagieren, als in einer vollst\u00e4ndigen Blockierung der zugrunde liegenden Finanzstr\u00f6me.<\/p>\n\n<div style=\"height:30px\" aria-hidden=\"true\" class=\"wp-block-spacer\"><\/div>\n\n<ul class=\"wp-block-list\">\n<li>sie konzentrieren den Zugang zu einer Vielzahl von Dienstleistungen f\u00fcr die Allgemeinheit und f\u00fcr Unternehmen;<\/li>\n\n\n\n<li>ihre Nichtverf\u00fcgbarkeit f\u00fchrt unmittelbar zu sichtbaren Blockaden f\u00fcr Millionen von Nutzern;<\/li>\n\n\n\n<li>Sie sind beliebte Ziele f\u00fcr Angreifer, die versuchen, zu st\u00f6ren, zu destabilisieren oder Druck auszu\u00fcben.<\/li>\n<\/ul>\n\n<div style=\"height:30px\" aria-hidden=\"true\" class=\"wp-block-spacer\"><\/div>\n\n<p class=\"wp-block-paragraph\">Diese Episode verdeutlicht, dass Betreiber von Grundversorgungsdiensten \u00fcber robuste Kontinuit\u00e4tspl\u00e4ne und DDoS-Mitigationsl\u00f6sungen verf\u00fcgen m\u00fcssen, die regelm\u00e4\u00dfig getestet und an die sich ver\u00e4ndernden Bedrohungen angepasst werden.<\/p>\n","protected":false},"excerpt":{"rendered":"<p>Die neuesten Nachrichten.<\/p>\n","protected":false},"author":10,"featured_media":0,"comment_status":"closed","ping_status":"closed","sticky":false,"template":"","format":"standard","meta":{"footnotes":""},"categories":[132],"tags":[],"ppma_author":[151],"class_list":["post-18570","post","type-post","status-publish","format-standard","hentry","category-blog","author-samuel-durand-de"],"yoast_head":"<!-- This site is optimized with the Yoast SEO plugin v28.1 - https:\/\/yoast.com\/product\/yoast-seo-wordpress\/ -->\n<title>CyberAttacke auf La Poste und La Banque Postale<\/title>\n<meta name=\"description\" content=\"Folgen des Cyberangriffs auf La Poste und die Postbank: Paket- und Briefzustellung stark beeintr\u00e4chtigt.\" \/>\n<meta name=\"robots\" content=\"index, follow, max-snippet:-1, max-image-preview:large, max-video-preview:-1\" \/>\n<link rel=\"canonical\" href=\"https:\/\/dev.databack.fr\/de\/blog\/ddos-cyberattacke-gegen-la-poste-und-la-banque-postale-den-vorfall-vom-22-dezember-2025-verstehen\/\" \/>\n<meta property=\"og:locale\" content=\"de_DE\" \/>\n<meta property=\"og:type\" content=\"article\" \/>\n<meta property=\"og:title\" content=\"CyberAttacke auf La Poste und La Banque Postale\" \/>\n<meta property=\"og:description\" content=\"Folgen des Cyberangriffs auf La Poste und die Postbank: Paket- und Briefzustellung stark beeintr\u00e4chtigt.\" \/>\n<meta property=\"og:url\" content=\"https:\/\/dev.databack.fr\/de\/blog\/ddos-cyberattacke-gegen-la-poste-und-la-banque-postale-den-vorfall-vom-22-dezember-2025-verstehen\/\" \/>\n<meta property=\"og:site_name\" content=\"Databack\" \/>\n<meta property=\"article:published_time\" content=\"2025-12-22T16:27:57+00:00\" \/>\n<meta property=\"article:modified_time\" content=\"2026-03-30T12:14:07+00:00\" \/>\n<meta property=\"og:image\" content=\"https:\/\/dev.databack.fr\/wp-content\/uploads\/2025\/12\/la-poste-cyberattaque.png\" \/>\n\t<meta property=\"og:image:width\" content=\"600\" \/>\n\t<meta property=\"og:image:height\" content=\"400\" \/>\n\t<meta property=\"og:image:type\" content=\"image\/png\" \/>\n<meta name=\"author\" content=\"Samuel Durand\" \/>\n<meta name=\"twitter:card\" content=\"summary_large_image\" \/>\n<meta name=\"twitter:label1\" content=\"Verfasst von\" \/>\n\t<meta name=\"twitter:data1\" content=\"Samuel Durand\" \/>\n\t<meta name=\"twitter:label2\" content=\"Gesch\u00e4tzte Lesezeit\" \/>\n\t<meta name=\"twitter:data2\" content=\"9\u00a0Minute\" \/>\n<!-- \/ Yoast SEO plugin. -->","yoast_head_json":{"title":"CyberAttacke auf La Poste und La Banque Postale","description":"Folgen des Cyberangriffs auf La Poste und die Postbank: Paket- und Briefzustellung stark beeintr\u00e4chtigt.","robots":{"index":"index","follow":"follow","max-snippet":"max-snippet:-1","max-image-preview":"max-image-preview:large","max-video-preview":"max-video-preview:-1"},"canonical":"https:\/\/dev.databack.fr\/de\/blog\/ddos-cyberattacke-gegen-la-poste-und-la-banque-postale-den-vorfall-vom-22-dezember-2025-verstehen\/","og_locale":"de_DE","og_type":"article","og_title":"CyberAttacke auf La Poste und La Banque Postale","og_description":"Folgen des Cyberangriffs auf La Poste und die Postbank: Paket- und Briefzustellung stark beeintr\u00e4chtigt.","og_url":"https:\/\/dev.databack.fr\/de\/blog\/ddos-cyberattacke-gegen-la-poste-und-la-banque-postale-den-vorfall-vom-22-dezember-2025-verstehen\/","og_site_name":"Databack","article_published_time":"2025-12-22T16:27:57+00:00","article_modified_time":"2026-03-30T12:14:07+00:00","og_image":[{"width":600,"height":400,"url":"https:\/\/dev.databack.fr\/wp-content\/uploads\/2025\/12\/la-poste-cyberattaque.png","type":"image\/png"}],"author":"Samuel Durand","twitter_card":"summary_large_image","twitter_misc":{"Verfasst von":"Samuel Durand","Gesch\u00e4tzte Lesezeit":"9\u00a0Minute"},"schema":{"@context":"https:\/\/schema.org","@graph":[{"@type":"Article","@id":"https:\/\/dev.databack.fr\/de\/blog\/ddos-cyberattacke-gegen-la-poste-und-la-banque-postale-den-vorfall-vom-22-dezember-2025-verstehen\/#article","isPartOf":{"@id":"https:\/\/dev.databack.fr\/de\/blog\/ddos-cyberattacke-gegen-la-poste-und-la-banque-postale-den-vorfall-vom-22-dezember-2025-verstehen\/"},"author":{"name":"Samuel Durand","@id":"https:\/\/dev.databack.fr\/de\/#\/schema\/person\/531f3f19be2ec1ba9dcf678d099e2c51"},"headline":"DDoS-Cyberattacke gegen La Poste und La Banque Postale: Den Vorfall vom 22. Dezember 2025 verstehen","datePublished":"2025-12-22T16:27:57+00:00","dateModified":"2026-03-30T12:14:07+00:00","mainEntityOfPage":{"@id":"https:\/\/dev.databack.fr\/de\/blog\/ddos-cyberattacke-gegen-la-poste-und-la-banque-postale-den-vorfall-vom-22-dezember-2025-verstehen\/"},"wordCount":1738,"publisher":{"@id":"https:\/\/dev.databack.fr\/de\/#organization"},"image":{"@id":"https:\/\/dev.databack.fr\/de\/blog\/ddos-cyberattacke-gegen-la-poste-und-la-banque-postale-den-vorfall-vom-22-dezember-2025-verstehen\/#primaryimage"},"thumbnailUrl":"https:\/\/dev.databack.fr\/wp-content\/uploads\/2025\/12\/la-poste-cyberattaque.png","articleSection":["BLOG"],"inLanguage":"de"},{"@type":"WebPage","@id":"https:\/\/dev.databack.fr\/de\/blog\/ddos-cyberattacke-gegen-la-poste-und-la-banque-postale-den-vorfall-vom-22-dezember-2025-verstehen\/","url":"https:\/\/dev.databack.fr\/de\/blog\/ddos-cyberattacke-gegen-la-poste-und-la-banque-postale-den-vorfall-vom-22-dezember-2025-verstehen\/","name":"CyberAttacke auf La Poste und La Banque Postale","isPartOf":{"@id":"https:\/\/dev.databack.fr\/de\/#website"},"primaryImageOfPage":{"@id":"https:\/\/dev.databack.fr\/de\/blog\/ddos-cyberattacke-gegen-la-poste-und-la-banque-postale-den-vorfall-vom-22-dezember-2025-verstehen\/#primaryimage"},"image":{"@id":"https:\/\/dev.databack.fr\/de\/blog\/ddos-cyberattacke-gegen-la-poste-und-la-banque-postale-den-vorfall-vom-22-dezember-2025-verstehen\/#primaryimage"},"thumbnailUrl":"https:\/\/dev.databack.fr\/wp-content\/uploads\/2025\/12\/la-poste-cyberattaque.png","datePublished":"2025-12-22T16:27:57+00:00","dateModified":"2026-03-30T12:14:07+00:00","description":"Folgen des Cyberangriffs auf La Poste und die Postbank: Paket- und Briefzustellung stark beeintr\u00e4chtigt.","breadcrumb":{"@id":"https:\/\/dev.databack.fr\/de\/blog\/ddos-cyberattacke-gegen-la-poste-und-la-banque-postale-den-vorfall-vom-22-dezember-2025-verstehen\/#breadcrumb"},"inLanguage":"de","potentialAction":[{"@type":"ReadAction","target":["https:\/\/dev.databack.fr\/de\/blog\/ddos-cyberattacke-gegen-la-poste-und-la-banque-postale-den-vorfall-vom-22-dezember-2025-verstehen\/"]}]},{"@type":"ImageObject","inLanguage":"de","@id":"https:\/\/dev.databack.fr\/de\/blog\/ddos-cyberattacke-gegen-la-poste-und-la-banque-postale-den-vorfall-vom-22-dezember-2025-verstehen\/#primaryimage","url":"https:\/\/dev.databack.fr\/wp-content\/uploads\/2025\/12\/la-poste-cyberattaque.png","contentUrl":"https:\/\/dev.databack.fr\/wp-content\/uploads\/2025\/12\/la-poste-cyberattaque.png"},{"@type":"BreadcrumbList","@id":"https:\/\/dev.databack.fr\/de\/blog\/ddos-cyberattacke-gegen-la-poste-und-la-banque-postale-den-vorfall-vom-22-dezember-2025-verstehen\/#breadcrumb","itemListElement":[{"@type":"ListItem","position":1,"name":"R\u00e9cup\u00e9ration de donn\u00e9es","item":"https:\/\/dev.databack.fr\/de\/"},{"@type":"ListItem","position":2,"name":"DDoS-Cyberattacke gegen La Poste und La Banque Postale: Den Vorfall vom 22. Dezember 2025 verstehen"}]},{"@type":"WebSite","@id":"https:\/\/dev.databack.fr\/de\/#website","url":"https:\/\/dev.databack.fr\/de\/","name":"Databack","description":"Laboratoire fran\u00e7ais de traitement de donn\u00e9es sensibles et volumineuses","publisher":{"@id":"https:\/\/dev.databack.fr\/de\/#organization"},"potentialAction":[{"@type":"SearchAction","target":{"@type":"EntryPoint","urlTemplate":"https:\/\/dev.databack.fr\/de\/?s={search_term_string}"},"query-input":{"@type":"PropertyValueSpecification","valueRequired":true,"valueName":"search_term_string"}}],"inLanguage":"de"},{"@type":"Organization","@id":"https:\/\/dev.databack.fr\/de\/#organization","name":"Datenabruf","url":"https:\/\/dev.databack.fr\/de\/","logo":{"@type":"ImageObject","inLanguage":"de","@id":"https:\/\/dev.databack.fr\/de\/#\/schema\/logo\/image\/","url":"https:\/\/dev.databack.fr\/wp-content\/uploads\/2025\/06\/favicon.png","contentUrl":"https:\/\/dev.databack.fr\/wp-content\/uploads\/2025\/06\/favicon.png","width":512,"height":512,"caption":"Datenabruf"},"image":{"@id":"https:\/\/dev.databack.fr\/de\/#\/schema\/logo\/image\/"}},{"@type":"Person","@id":"https:\/\/dev.databack.fr\/de\/#\/schema\/person\/531f3f19be2ec1ba9dcf678d099e2c51","name":"Samuel Durand","description":"Ing\u00e9nieur en g\u00e9nie \u00e9lectronique, Samuel Durand d\u00e9bute sa carri\u00e8re dans le domaine de la r\u00e9cup\u00e9ration de donn\u00e9es, o\u00f9 il se forge une solide expertise au sein d\u2019une entreprise pendant plus de quatre ans. En 2004, il cr\u00e9e DATABACK, un laboratoire ind\u00e9pendant enti\u00e8rement tourn\u00e9 vers le traitement et la r\u00e9cup\u00e9ration de donn\u00e9es. Il occupe aujourd\u2019hui le poste de directeur technique. Sous sa direction, DATABACK a mis au point des solutions innovantes pour restaurer des volumes importants de donn\u00e9es sensibles. Face \u00e0 la multiplication des cyberattaques, et en particulier des ran\u00e7ongiciels, il d\u00e9veloppe avec son \u00e9quipe des outils et des logiciels capables de traiter ces situations complexes, dans le respect des contraintes techniques et de confidentialit\u00e9 de ses clients.","sameAs":["https:\/\/www.linkedin.com\/in\/samuel-durand-1a78877\/"]}]}},"authors":[{"term_id":151,"user_id":0,"is_guest":1,"slug":"samuel-durand-de","display_name":"Samuel Durand","avatar_url":"https:\/\/secure.gravatar.com\/avatar\/?s=96&d=mm&r=g","author_category":"","first_name":"","last_name":"","user_url":"","job_title":"","description":""}],"_links":{"self":[{"href":"https:\/\/dev.databack.fr\/de\/wp-json\/wp\/v2\/posts\/18570","targetHints":{"allow":["GET"]}}],"collection":[{"href":"https:\/\/dev.databack.fr\/de\/wp-json\/wp\/v2\/posts"}],"about":[{"href":"https:\/\/dev.databack.fr\/de\/wp-json\/wp\/v2\/types\/post"}],"author":[{"embeddable":true,"href":"https:\/\/dev.databack.fr\/de\/wp-json\/wp\/v2\/users\/10"}],"replies":[{"embeddable":true,"href":"https:\/\/dev.databack.fr\/de\/wp-json\/wp\/v2\/comments?post=18570"}],"version-history":[{"count":7,"href":"https:\/\/dev.databack.fr\/de\/wp-json\/wp\/v2\/posts\/18570\/revisions"}],"predecessor-version":[{"id":18591,"href":"https:\/\/dev.databack.fr\/de\/wp-json\/wp\/v2\/posts\/18570\/revisions\/18591"}],"wp:attachment":[{"href":"https:\/\/dev.databack.fr\/de\/wp-json\/wp\/v2\/media?parent=18570"}],"wp:term":[{"taxonomy":"category","embeddable":true,"href":"https:\/\/dev.databack.fr\/de\/wp-json\/wp\/v2\/categories?post=18570"},{"taxonomy":"post_tag","embeddable":true,"href":"https:\/\/dev.databack.fr\/de\/wp-json\/wp\/v2\/tags?post=18570"},{"taxonomy":"author","embeddable":true,"href":"https:\/\/dev.databack.fr\/de\/wp-json\/wp\/v2\/ppma_author?post=18570"}],"curies":[{"name":"wp","href":"https:\/\/api.w.org\/{rel}","templated":true}]}}