{"id":16609,"date":"2021-10-07T09:30:28","date_gmt":"2021-10-07T07:30:28","guid":{"rendered":"https:\/\/dev.databack.fr\/nicht-kategorisiert\/cybermoi-s-2021-oktober-der-monat-des-digitalen-bewusstseins\/"},"modified":"2026-02-26T13:42:52","modified_gmt":"2026-02-26T12:42:52","slug":"cybermoi-s-2021-oktober-der-monat-des-digitalen-bewusstseins","status":"publish","type":"post","link":"https:\/\/dev.databack.fr\/de\/blog\/cybermoi-s-2021-oktober-der-monat-des-digitalen-bewusstseins\/","title":{"rendered":"CyberMoi\/s 2021: Oktober, der Monat des digitalen Bewusstseins"},"content":{"rendered":"\n<p class=\"wp-block-paragraph\"><em>Jedes Jahr findet eine nationale Veranstaltung statt, die auf die Farben des Herbstes abgestimmt ist: <strong>CyberMoi\/s.<br\/><\/strong>ANSSI startet jedes Jahr im Oktober eine Veranstaltung, die <strong>der Sensibilisierung und Pr\u00e4vention der digitalen Nutzung<\/strong> gewidmet ist. Es werden Ratschl\u00e4ge und Empfehlungen gegeben, um Ihnen zu helfen, sich in Ihrem digitalen Lebensraum besser zu sch\u00fctzen. <\/em><\/p>\n\n<h2 class=\"wp-block-heading\">CyberMoi\/s : Pflege des digitalen Ichs<\/h2>\n\n<p class=\"wp-block-paragraph\">Das ist das Prinzip der Kampagne CyberMoi\/s <strong>,<\/strong> die vom ANSSI unter der Leitung von <a href=\"https:\/\/fr.linkedin.com\/posts\/anssi-fr_lancement-du-cybermois-par-guillaume-poupard-activity-6849653878300909568-7zXP\">Guillaume Poupard, Generaldirektor<\/a> des ANSSI, ins Leben gerufen wurde.<\/p>\n\n<p class=\"wp-block-paragraph\"><strong>Die ANSSI<\/strong> (Nationale Agentur f\u00fcr die Sicherheit von Informationssystemen) ist die nationale Beh\u00f6rde, die f\u00fcr die Begleitung und Sicherung der digitalen Entwicklung verantwortlich ist. Als wichtiger Akteur im Bereich der Cybersicherheit stellt die ANSSI ihr Fachwissen und ihre technische Unterst\u00fctzung f\u00fcr Verwaltungen und Unternehmen zur Verf\u00fcgung, mit einer verst\u00e4rkten Aufgabe f\u00fcr Betreiber von lebenswichtigen Diensten (OIV). Sie bietet einen Dienst zur \u00dcberwachung, Erkennung, Warnung und <strong>Reaktion auf Cyberangriffe<\/strong>.  <\/p>\n\n<p class=\"wp-block-paragraph\">CyberMoi\/s bietet ein <strong>umfassendes und p\u00e4dagogisches Programm<\/strong>, das von einer Vielzahl von \u00f6ffentlichen und gemeinn\u00fctzigen Akteuren organisiert wird. Mit zahlreichen Leitf\u00e4den, Dossiers, Best Practices, Infografiken, Kommunikationspaketen usw. werden Sie \u00fcber die richtigen und falschen Handlungen im Privat- und Berufsleben informiert. In diesem Jahr liegt der Schwerpunkt auf der Notwendigkeit, komplexe Passw\u00f6rter zu verwenden und diese h\u00e4ufig zu \u00e4ndern. Es gibt viele weitere Tipps zur <strong>Verbesserung der digitalen Sicherheit.<\/strong>   <\/p>\n\n<figure class=\"wp-block-image size-full is-resized\"><img fetchpriority=\"high\" decoding=\"async\" width=\"510\" height=\"340\" src=\"https:\/\/dev.databack.fr\/wp-content\/uploads\/2021\/10\/cybermois-2021-octobre-mois-de-la-conscience-numerique-2.jpg\" alt=\"Verst&#xE4;rken Sie Ihre Passw&#xF6;rter im Jahr 2021\" class=\"wp-image-9450\" style=\"width:1180px;height:492px\" srcset=\"https:\/\/dev.databack.fr\/wp-content\/uploads\/2021\/10\/cybermois-2021-octobre-mois-de-la-conscience-numerique-2.jpg 510w, https:\/\/dev.databack.fr\/wp-content\/uploads\/2021\/10\/cybermois-2021-octobre-mois-de-la-conscience-numerique-2-300x200.jpg 300w\" sizes=\"(max-width: 510px) 100vw, 510px\" \/><\/figure>\n\n<h2 class=\"wp-block-heading\">Im Jahr 2021 sollten Sie Ihre Passw\u00f6rter st\u00e4rken!<\/h2>\n\n<p class=\"wp-block-paragraph\"><em>Georgette33 ? 123456 ? <\/em>  Das Passwort ist Teil des Alltags der Franzosen, wird aber manchmal zu sehr vernachl\u00e4ssigt. CyberMoi\/s teilt in seiner dritten Ausgabe alle Schl\u00fcssel zur <strong>besseren Verwaltung und St\u00e4rkung Ihrer Passw\u00f6rter<\/strong> mit. <\/p>\n\n<p class=\"wp-block-paragraph\">Seit einigen Monaten beobachten wir bei <a href=\"https:\/\/dev.databack.fr\/de\/\">Databack<\/a> eine Zunahme von <strong>Cyberangriffen und Diebstahl pers\u00f6nlicher Daten<\/strong>. Die Verwendung von <strong>sicheren Passw\u00f6rtern<\/strong> ist daher eine erste wirksame Barriere. <\/p>\n\n<p class=\"wp-block-paragraph\">In diesem ANSSI-Artikel finden Sie einfach umzusetzende Best Practices f\u00fcr die Festlegung von <strong>effektiven und leicht zu merkenden Passw\u00f6rtern<\/strong>.<\/p>\n","protected":false},"excerpt":{"rendered":"<p>Jedes Jahr findet eine nationale Veranstaltung statt, die auf die Farben des Herbstes abgestimmt ist: CyberMoi\/s.ANSSI startet jedes Jahr im Oktober eine Veranstaltung, die der Sensibilisierung und Pr\u00e4vention der digitalen Nutzung gewidmet ist. Es werden Ratschl\u00e4ge und Empfehlungen gegeben, um Ihnen zu helfen, sich in Ihrem digitalen Lebensraum besser zu sch\u00fctzen. CyberMoi\/s : Pflege des [&hellip;]<\/p>\n","protected":false},"author":1,"featured_media":14439,"comment_status":"closed","ping_status":"closed","sticky":false,"template":"","format":"standard","meta":{"footnotes":""},"categories":[132,78],"tags":[],"ppma_author":[136,147],"class_list":["post-16609","post","type-post","status-publish","format-standard","has-post-thumbnail","hentry","category-blog","category-ransomware-vorfalle","author-benoit-jaunet","author-benoit-jaunet-de"],"yoast_head":"<!-- This site is optimized with the Yoast SEO plugin v28.1 - https:\/\/yoast.com\/product\/yoast-seo-wordpress\/ -->\n<title>Cybermois 2021: digitales Bewusstsein<\/title>\n<meta name=\"description\" content=\"ANSSI startet jedes Jahr im Oktober eine Veranstaltung, die der Sensibilisierung und Pr\u00e4vention der digitalen Nutzung gewidmet ist.\" \/>\n<meta name=\"robots\" content=\"index, follow, max-snippet:-1, max-image-preview:large, max-video-preview:-1\" \/>\n<link rel=\"canonical\" href=\"https:\/\/dev.databack.fr\/de\/blog\/cybermoi-s-2021-oktober-der-monat-des-digitalen-bewusstseins\/\" \/>\n<meta property=\"og:locale\" content=\"de_DE\" \/>\n<meta property=\"og:type\" content=\"article\" \/>\n<meta property=\"og:title\" content=\"Cybermois 2021: digitales Bewusstsein\" \/>\n<meta property=\"og:description\" content=\"ANSSI startet jedes Jahr im Oktober eine Veranstaltung, die der Sensibilisierung und Pr\u00e4vention der digitalen Nutzung gewidmet ist.\" \/>\n<meta property=\"og:url\" content=\"https:\/\/dev.databack.fr\/de\/blog\/cybermoi-s-2021-oktober-der-monat-des-digitalen-bewusstseins\/\" \/>\n<meta property=\"og:site_name\" content=\"Databack\" \/>\n<meta property=\"article:published_time\" content=\"2021-10-07T07:30:28+00:00\" \/>\n<meta property=\"article:modified_time\" content=\"2026-02-26T12:42:52+00:00\" \/>\n<meta property=\"og:image\" content=\"https:\/\/dev.databack.fr\/wp-content\/uploads\/2021\/10\/cybermois-2021-octobre-mois-de-la-conscience-numerique-2.jpg\" \/>\n\t<meta property=\"og:image:width\" content=\"510\" \/>\n\t<meta property=\"og:image:height\" content=\"340\" \/>\n\t<meta property=\"og:image:type\" content=\"image\/jpeg\" \/>\n<meta name=\"author\" content=\"Benoit Jaunet, Benoit Jaunet\" \/>\n<meta name=\"twitter:card\" content=\"summary_large_image\" \/>\n<meta name=\"twitter:label1\" content=\"Verfasst von\" \/>\n\t<meta name=\"twitter:data1\" content=\"DATABACK\" \/>\n\t<meta name=\"twitter:label2\" content=\"Gesch\u00e4tzte Lesezeit\" \/>\n\t<meta name=\"twitter:data2\" content=\"3\u00a0Minute\" \/>\n<!-- \/ Yoast SEO plugin. -->","yoast_head_json":{"title":"Cybermois 2021: digitales Bewusstsein","description":"ANSSI startet jedes Jahr im Oktober eine Veranstaltung, die der Sensibilisierung und Pr\u00e4vention der digitalen Nutzung gewidmet ist.","robots":{"index":"index","follow":"follow","max-snippet":"max-snippet:-1","max-image-preview":"max-image-preview:large","max-video-preview":"max-video-preview:-1"},"canonical":"https:\/\/dev.databack.fr\/de\/blog\/cybermoi-s-2021-oktober-der-monat-des-digitalen-bewusstseins\/","og_locale":"de_DE","og_type":"article","og_title":"Cybermois 2021: digitales Bewusstsein","og_description":"ANSSI startet jedes Jahr im Oktober eine Veranstaltung, die der Sensibilisierung und Pr\u00e4vention der digitalen Nutzung gewidmet ist.","og_url":"https:\/\/dev.databack.fr\/de\/blog\/cybermoi-s-2021-oktober-der-monat-des-digitalen-bewusstseins\/","og_site_name":"Databack","article_published_time":"2021-10-07T07:30:28+00:00","article_modified_time":"2026-02-26T12:42:52+00:00","og_image":[{"width":510,"height":340,"url":"https:\/\/dev.databack.fr\/wp-content\/uploads\/2021\/10\/cybermois-2021-octobre-mois-de-la-conscience-numerique-2.jpg","type":"image\/jpeg"}],"author":"Benoit Jaunet, Benoit Jaunet","twitter_card":"summary_large_image","twitter_misc":{"Verfasst von":"DATABACK","Gesch\u00e4tzte Lesezeit":"3\u00a0Minute"},"schema":{"@context":"https:\/\/schema.org","@graph":[{"@type":"Article","@id":"https:\/\/dev.databack.fr\/de\/blog\/cybermoi-s-2021-oktober-der-monat-des-digitalen-bewusstseins\/#article","isPartOf":{"@id":"https:\/\/dev.databack.fr\/de\/blog\/cybermoi-s-2021-oktober-der-monat-des-digitalen-bewusstseins\/"},"author":{"name":"DATABACK","@id":"https:\/\/dev.databack.fr\/de\/#\/schema\/person\/421970d20e3eb0fbbadde807cb372061"},"headline":"CyberMoi\/s 2021: Oktober, der Monat des digitalen Bewusstseins","datePublished":"2021-10-07T07:30:28+00:00","dateModified":"2026-02-26T12:42:52+00:00","mainEntityOfPage":{"@id":"https:\/\/dev.databack.fr\/de\/blog\/cybermoi-s-2021-oktober-der-monat-des-digitalen-bewusstseins\/"},"wordCount":338,"publisher":{"@id":"https:\/\/dev.databack.fr\/de\/#organization"},"image":{"@id":"https:\/\/dev.databack.fr\/de\/blog\/cybermoi-s-2021-oktober-der-monat-des-digitalen-bewusstseins\/#primaryimage"},"thumbnailUrl":"https:\/\/dev.databack.fr\/wp-content\/uploads\/2021\/10\/cybermois-2021-octobre-mois-de-la-conscience-numerique-2.jpg","articleSection":["BLOG","Ransomware-Vorf\u00e4lle"],"inLanguage":"de"},{"@type":"WebPage","@id":"https:\/\/dev.databack.fr\/de\/blog\/cybermoi-s-2021-oktober-der-monat-des-digitalen-bewusstseins\/","url":"https:\/\/dev.databack.fr\/de\/blog\/cybermoi-s-2021-oktober-der-monat-des-digitalen-bewusstseins\/","name":"Cybermois 2021: digitales Bewusstsein","isPartOf":{"@id":"https:\/\/dev.databack.fr\/de\/#website"},"primaryImageOfPage":{"@id":"https:\/\/dev.databack.fr\/de\/blog\/cybermoi-s-2021-oktober-der-monat-des-digitalen-bewusstseins\/#primaryimage"},"image":{"@id":"https:\/\/dev.databack.fr\/de\/blog\/cybermoi-s-2021-oktober-der-monat-des-digitalen-bewusstseins\/#primaryimage"},"thumbnailUrl":"https:\/\/dev.databack.fr\/wp-content\/uploads\/2021\/10\/cybermois-2021-octobre-mois-de-la-conscience-numerique-2.jpg","datePublished":"2021-10-07T07:30:28+00:00","dateModified":"2026-02-26T12:42:52+00:00","description":"ANSSI startet jedes Jahr im Oktober eine Veranstaltung, die der Sensibilisierung und Pr\u00e4vention der digitalen Nutzung gewidmet ist.","breadcrumb":{"@id":"https:\/\/dev.databack.fr\/de\/blog\/cybermoi-s-2021-oktober-der-monat-des-digitalen-bewusstseins\/#breadcrumb"},"inLanguage":"de","potentialAction":[{"@type":"ReadAction","target":["https:\/\/dev.databack.fr\/de\/blog\/cybermoi-s-2021-oktober-der-monat-des-digitalen-bewusstseins\/"]}]},{"@type":"ImageObject","inLanguage":"de","@id":"https:\/\/dev.databack.fr\/de\/blog\/cybermoi-s-2021-oktober-der-monat-des-digitalen-bewusstseins\/#primaryimage","url":"https:\/\/dev.databack.fr\/wp-content\/uploads\/2021\/10\/cybermois-2021-octobre-mois-de-la-conscience-numerique-2.jpg","contentUrl":"https:\/\/dev.databack.fr\/wp-content\/uploads\/2021\/10\/cybermois-2021-octobre-mois-de-la-conscience-numerique-2.jpg","width":510,"height":340},{"@type":"BreadcrumbList","@id":"https:\/\/dev.databack.fr\/de\/blog\/cybermoi-s-2021-oktober-der-monat-des-digitalen-bewusstseins\/#breadcrumb","itemListElement":[{"@type":"ListItem","position":1,"name":"R\u00e9cup\u00e9ration de donn\u00e9es","item":"https:\/\/dev.databack.fr\/de\/"},{"@type":"ListItem","position":2,"name":"CyberMoi\/s 2021: Oktober, der Monat des digitalen Bewusstseins"}]},{"@type":"WebSite","@id":"https:\/\/dev.databack.fr\/de\/#website","url":"https:\/\/dev.databack.fr\/de\/","name":"Databack","description":"Laboratoire fran\u00e7ais de traitement de donn\u00e9es sensibles et volumineuses","publisher":{"@id":"https:\/\/dev.databack.fr\/de\/#organization"},"potentialAction":[{"@type":"SearchAction","target":{"@type":"EntryPoint","urlTemplate":"https:\/\/dev.databack.fr\/de\/?s={search_term_string}"},"query-input":{"@type":"PropertyValueSpecification","valueRequired":true,"valueName":"search_term_string"}}],"inLanguage":"de"},{"@type":"Organization","@id":"https:\/\/dev.databack.fr\/de\/#organization","name":"Datenabruf","url":"https:\/\/dev.databack.fr\/de\/","logo":{"@type":"ImageObject","inLanguage":"de","@id":"https:\/\/dev.databack.fr\/de\/#\/schema\/logo\/image\/","url":"https:\/\/dev.databack.fr\/wp-content\/uploads\/2025\/06\/favicon.png","contentUrl":"https:\/\/dev.databack.fr\/wp-content\/uploads\/2025\/06\/favicon.png","width":512,"height":512,"caption":"Datenabruf"},"image":{"@id":"https:\/\/dev.databack.fr\/de\/#\/schema\/logo\/image\/"}},{"@type":"Person","@id":"https:\/\/dev.databack.fr\/de\/#\/schema\/person\/421970d20e3eb0fbbadde807cb372061","name":"DATABACK","sameAs":["https:\/\/www.linkedin.com\/company\/databack-fr\/"]}]}},"authors":[{"term_id":136,"user_id":12,"is_guest":0,"slug":"benoit-jaunet","display_name":"Benoit Jaunet","avatar_url":{"url":"https:\/\/dev.databack.fr\/wp-content\/uploads\/2025\/06\/benoit-databack-scaled.jpg","url2x":"https:\/\/dev.databack.fr\/wp-content\/uploads\/2025\/06\/benoit-databack-scaled.jpg"},"author_category":"1","first_name":"Benoit","last_name":"Jaunet","user_url":"https:\/\/www.linkedin.com\/in\/benoit-jaunet-1604847a\/","job_title":"CHARG\u00c9 D'AFFAIRES","description":"Beno\u00eet Jaunet rejoint <strong>DATABACK<\/strong> en 2010 en tant que charg\u00e9 d\u2019affaires. Interlocuteur privil\u00e9gi\u00e9 des clients particuliers comme professionnels, il joue un r\u00f4le central dans l\u2019\u00e9valuation des situations de perte de donn\u00e9es, l\u2019orientation des demandes vers les \u00e9quipes techniques et le suivi des projets de r\u00e9cup\u00e9ration.\r\n\r\nGr\u00e2ce \u00e0 une connaissance fine des contraintes m\u00e9tiers et des contextes techniques vari\u00e9s, il contribue au quotidien \u00e0 \u00e9tablir une relation de confiance avec les clients et \u00e0 garantir un accompagnement clair, r\u00e9actif et transparent tout au long du processus."},{"term_id":147,"user_id":0,"is_guest":1,"slug":"benoit-jaunet-de","display_name":"Benoit Jaunet","avatar_url":"https:\/\/secure.gravatar.com\/avatar\/?s=96&d=mm&r=g","author_category":"","first_name":"","last_name":"","user_url":"","job_title":"","description":""}],"_links":{"self":[{"href":"https:\/\/dev.databack.fr\/de\/wp-json\/wp\/v2\/posts\/16609","targetHints":{"allow":["GET"]}}],"collection":[{"href":"https:\/\/dev.databack.fr\/de\/wp-json\/wp\/v2\/posts"}],"about":[{"href":"https:\/\/dev.databack.fr\/de\/wp-json\/wp\/v2\/types\/post"}],"author":[{"embeddable":true,"href":"https:\/\/dev.databack.fr\/de\/wp-json\/wp\/v2\/users\/1"}],"replies":[{"embeddable":true,"href":"https:\/\/dev.databack.fr\/de\/wp-json\/wp\/v2\/comments?post=16609"}],"version-history":[{"count":1,"href":"https:\/\/dev.databack.fr\/de\/wp-json\/wp\/v2\/posts\/16609\/revisions"}],"predecessor-version":[{"id":19279,"href":"https:\/\/dev.databack.fr\/de\/wp-json\/wp\/v2\/posts\/16609\/revisions\/19279"}],"wp:featuredmedia":[{"embeddable":true,"href":"https:\/\/dev.databack.fr\/de\/wp-json\/wp\/v2\/media\/14439"}],"wp:attachment":[{"href":"https:\/\/dev.databack.fr\/de\/wp-json\/wp\/v2\/media?parent=16609"}],"wp:term":[{"taxonomy":"category","embeddable":true,"href":"https:\/\/dev.databack.fr\/de\/wp-json\/wp\/v2\/categories?post=16609"},{"taxonomy":"post_tag","embeddable":true,"href":"https:\/\/dev.databack.fr\/de\/wp-json\/wp\/v2\/tags?post=16609"},{"taxonomy":"author","embeddable":true,"href":"https:\/\/dev.databack.fr\/de\/wp-json\/wp\/v2\/ppma_author?post=16609"}],"curies":[{"name":"wp","href":"https:\/\/api.w.org\/{rel}","templated":true}]}}